{"id":357951,"date":"2024-08-09T12:57:00","date_gmt":"2024-08-09T10:57:00","guid":{"rendered":"https:\/\/www.radioluna.it\/news\/?p=357951"},"modified":"2024-08-10T10:41:04","modified_gmt":"2024-08-10T08:41:04","slug":"aprilia-girava-armato-di-notte-con-una-pistola-clandestina-pronta-a-sparare-arrestato-dai-carabinieri","status":"publish","type":"post","link":"https:\/\/www.radioluna.it\/news\/2024\/08\/aprilia-girava-armato-di-notte-con-una-pistola-clandestina-pronta-a-sparare-arrestato-dai-carabinieri\/","title":{"rendered":"Aprilia, girava armato, di notte, con una pistola clandestina pronta a sparare: arrestato dai carabinieri"},"content":{"rendered":"<div id=\"fb-root\"><\/div>\n<p style=\"text-align: justify;\"><strong>APRILIA &#8211; <\/strong>Girava con una pistola con matricola abrasa, predisposta per fare fuoco, e su un\u2019auto con telaio rubato. E\u2019 stato arrestato nella notte ad Aprilia un cittadino kossovaro accusato ricettazione, riciclaggio e detenzione di arma clandestina. Il controllo \u00e8 avvenuto nell\u2019ambito delle attivit\u00e0 predisposte dal Reparto Territoriale per prevenire i furti nelle attivit\u00e0 commerciali, un\u00a0 fenomeno che di recente si \u00e8 fatto sempre pi\u00f9 aggressivo e frequente creando allarme nella popolazione. L&#8217;uomo \u00e8 ora a disposizione dell&#8217;autorit\u00e0 giudiziaria, l&#8217;arma \u00e8 stata sequestrata e sar\u00e0 sottoposto a perizia balistica per sapere se e dove sia stata usata.<\/p>\n","protected":false},"excerpt":{"rendered":"<p>APRILIA &#8211; Girava con una pistola con matricola abrasa, predisposta per fare fuoco, e su un\u2019auto con telaio rubato. E\u2019 stato arrestato nella notte ad Aprilia un cittadino kossovaro accusato ricettazione, riciclaggio e detenzione di arma clandestina. Il controllo \u00e8 avvenuto nell\u2019ambito delle attivit\u00e0 predisposte dal Reparto Territoriale per prevenire i furti nelle attivit\u00e0 commerciali, [&hellip;]<\/p>\n","protected":false},"author":62,"featured_media":357952,"comment_status":"open","ping_status":"open","sticky":false,"template":"","format":"standard","meta":{"footnotes":""},"categories":[7,2428],"tags":[],"class_list":["post-357951","post","type-post","status-publish","format-standard","has-post-thumbnail","hentry","category-cronaca","category-primo-piano"],"_links":{"self":[{"href":"https:\/\/www.radioluna.it\/news\/wp-json\/wp\/v2\/posts\/357951","targetHints":{"allow":["GET"]}}],"collection":[{"href":"https:\/\/www.radioluna.it\/news\/wp-json\/wp\/v2\/posts"}],"about":[{"href":"https:\/\/www.radioluna.it\/news\/wp-json\/wp\/v2\/types\/post"}],"author":[{"embeddable":true,"href":"https:\/\/www.radioluna.it\/news\/wp-json\/wp\/v2\/users\/62"}],"replies":[{"embeddable":true,"href":"https:\/\/www.radioluna.it\/news\/wp-json\/wp\/v2\/comments?post=357951"}],"version-history":[{"count":1,"href":"https:\/\/www.radioluna.it\/news\/wp-json\/wp\/v2\/posts\/357951\/revisions"}],"predecessor-version":[{"id":357953,"href":"https:\/\/www.radioluna.it\/news\/wp-json\/wp\/v2\/posts\/357951\/revisions\/357953"}],"wp:featuredmedia":[{"embeddable":true,"href":"https:\/\/www.radioluna.it\/news\/wp-json\/wp\/v2\/media\/357952"}],"wp:attachment":[{"href":"https:\/\/www.radioluna.it\/news\/wp-json\/wp\/v2\/media?parent=357951"}],"wp:term":[{"taxonomy":"category","embeddable":true,"href":"https:\/\/www.radioluna.it\/news\/wp-json\/wp\/v2\/categories?post=357951"},{"taxonomy":"post_tag","embeddable":true,"href":"https:\/\/www.radioluna.it\/news\/wp-json\/wp\/v2\/tags?post=357951"}],"curies":[{"name":"wp","href":"https:\/\/api.w.org\/{rel}","templated":true}]}}