{"id":357960,"date":"2024-08-09T13:25:09","date_gmt":"2024-08-09T11:25:09","guid":{"rendered":"https:\/\/www.radioluna.it\/news\/?p=357960"},"modified":"2024-08-10T08:24:19","modified_gmt":"2024-08-10T06:24:19","slug":"latina-due-casi-di-legionella-dopo-la-permanenza-in-un-albergo-sospesa-lattivita","status":"publish","type":"post","link":"https:\/\/www.radioluna.it\/news\/2024\/08\/latina-due-casi-di-legionella-dopo-la-permanenza-in-un-albergo-sospesa-lattivita\/","title":{"rendered":"Latina, due casi di Legionella dopo la permanenza in un albergo: sospesa l&#8217;attivit\u00e0"},"content":{"rendered":"<div id=\"fb-root\"><\/div>\n<p style=\"text-align: justify;\"><strong>LATINA<\/strong> &#8211; La sindaca di Latina Matilde Celentano sospende con ordinanza l&#8217;attivit\u00e0 dell&#8217;Hotel Garden di Latina. Succede dopo che la Asl ha informato il Comune di due casi di Legionella riscontrati in pazienti che hanno entrambi soggiornato nell&#8217;albergo. Dopo il primo caso a luglio era stata imposta la bonifica (peraltro non semplice) dell&#8217;impianto idrico con una chiusura parziale che aveva interessato solo due stanze. Nei giorni scorsi per\u00f2 \u00e8 arrivato all&#8217;attenzione della Asl di Latina un secondo caso che ha comportato ora la chiusura dell&#8217;attivit\u00e0 per 7 giorni e comunque fino a bonifica.\u00a0 \u00a0L&#8217;hotel potr\u00e0 riaprire solo quando gli accertamenti dell&#8217;Arpa sui campioni prelevati dopo la bonifica saranno negativi. Sgomberati ospiti e personale.<\/p>\n<p style=\"text-align: justify;\">In particolare nell&#8217;atto notificato al legale rappresentante della struttura ricettiva di via del Lido viene imposta la sospensione immediata dell\u2019attivit\u00e0 ricettivo alberghiera per un periodo di giorni 7 ed in ogni caso sino all\u2019ottenimento degli esiti favorevoli degli accertamenti analitici da parte dell\u2019ARPA Lazio, sui campionamenti post bonifica; di provvedere allo sgombero degli ospiti e del personale addetto all\u2019attivit\u00e0 dai locali destinati all\u2019attivit\u00e0 ricettivo alberghiera entro le ore 21 del giorno 10.08.2024; di dare tempestiva comunicazione alla ASL Latina, Dipartimento di prevenzione, Servizio Igiene e sanit\u00e0 pubblica, delle attivit\u00e0 di cui sopra, al fine di consentire la programmazione dei campionamenti post bonifica.<\/p>\n<p><a href=\"https:\/\/www.epicentro.iss.it\/legionellosi\/\">La Malattia del Legionario, pi\u00f9 comunemente definita legionellosi, \u00e8 un\u2019infezione polmonare causata dal batterio <em>Legionella pneumophila<\/em>.<\/a><\/p>\n","protected":false},"excerpt":{"rendered":"<p>LATINA &#8211; La sindaca di Latina Matilde Celentano sospende con ordinanza l&#8217;attivit\u00e0 dell&#8217;Hotel Garden di Latina. Succede dopo che la Asl ha informato il Comune di due casi di Legionella riscontrati in pazienti che hanno entrambi soggiornato nell&#8217;albergo. Dopo il primo caso a luglio era stata imposta la bonifica (peraltro non semplice) dell&#8217;impianto idrico con [&hellip;]<\/p>\n","protected":false},"author":62,"featured_media":255920,"comment_status":"open","ping_status":"open","sticky":false,"template":"","format":"standard","meta":{"footnotes":""},"categories":[7,2428],"tags":[],"class_list":["post-357960","post","type-post","status-publish","format-standard","has-post-thumbnail","hentry","category-cronaca","category-primo-piano"],"_links":{"self":[{"href":"https:\/\/www.radioluna.it\/news\/wp-json\/wp\/v2\/posts\/357960","targetHints":{"allow":["GET"]}}],"collection":[{"href":"https:\/\/www.radioluna.it\/news\/wp-json\/wp\/v2\/posts"}],"about":[{"href":"https:\/\/www.radioluna.it\/news\/wp-json\/wp\/v2\/types\/post"}],"author":[{"embeddable":true,"href":"https:\/\/www.radioluna.it\/news\/wp-json\/wp\/v2\/users\/62"}],"replies":[{"embeddable":true,"href":"https:\/\/www.radioluna.it\/news\/wp-json\/wp\/v2\/comments?post=357960"}],"version-history":[{"count":3,"href":"https:\/\/www.radioluna.it\/news\/wp-json\/wp\/v2\/posts\/357960\/revisions"}],"predecessor-version":[{"id":357965,"href":"https:\/\/www.radioluna.it\/news\/wp-json\/wp\/v2\/posts\/357960\/revisions\/357965"}],"wp:featuredmedia":[{"embeddable":true,"href":"https:\/\/www.radioluna.it\/news\/wp-json\/wp\/v2\/media\/255920"}],"wp:attachment":[{"href":"https:\/\/www.radioluna.it\/news\/wp-json\/wp\/v2\/media?parent=357960"}],"wp:term":[{"taxonomy":"category","embeddable":true,"href":"https:\/\/www.radioluna.it\/news\/wp-json\/wp\/v2\/categories?post=357960"},{"taxonomy":"post_tag","embeddable":true,"href":"https:\/\/www.radioluna.it\/news\/wp-json\/wp\/v2\/tags?post=357960"}],"curies":[{"name":"wp","href":"https:\/\/api.w.org\/{rel}","templated":true}]}}