{"id":358008,"date":"2024-08-10T08:03:57","date_gmt":"2024-08-10T06:03:57","guid":{"rendered":"https:\/\/www.radioluna.it\/news\/?p=358008"},"modified":"2024-08-13T14:59:13","modified_gmt":"2024-08-13T12:59:13","slug":"cisterna-accoglie-i-cavalieri-impegnati-nella-marcia-della-transumanza","status":"publish","type":"post","link":"https:\/\/www.radioluna.it\/news\/2024\/08\/cisterna-accoglie-i-cavalieri-impegnati-nella-marcia-della-transumanza\/","title":{"rendered":"Cisterna accoglie i cavalieri impegnati nella Marcia della Transumanza"},"content":{"rendered":"<div id=\"fb-root\"><\/div>\n<p style=\"text-align: justify;\"><strong>CISTERNA<\/strong> &#8211; Cisterna\u00a0 accoglier\u00e0 oggi, sabato 10 agosto,\u00a0 la Marcia della Transumanza\u00a0XXVIII edizione della rievocazione dell\u2019antica migrazione stagionale dei pastori dai monti Simbruini alla piana pontina, ospitando il passaggio dei cavalieri che partiranno da Falasche ad Anzio per attraversare 14 comuni e giungere il 13 agosto\u00a0 a Jenne lungo un percorso storico-naturalistico di pregiato valore.<\/p>\n<p style=\"text-align: justify;\"><strong>LA PARTENZA\u00a0<\/strong> &#8211; I transumanti partiranno alle ore 8.30 di sabato\u00a0 per attraversare i territori di Nettuno, Aprilia, Latina, giungendo a Cisterna, &#8220;Patria dei butteri&#8221;, intorno alle 17.30 circa con l&#8217;attraversamento della citt\u00e0 e i saluti del sindaco Valentino Mantini. Alle 21 la tradizionale cena con canti e musiche popolari nell&#8217;area comunale de \u201cIl Filetto&#8221;.<\/p>\n<p style=\"text-align: justify;\"><strong>LE ALTRE TAPPE<\/strong> &#8211; Domenica, alle ore 7, \u00e8 prevista la partenza con arrivo alle 10 al monumento naturale Lago di Giulianello (Cori) e colazione lungo la riva. Quindi si riprender\u00e0 il cammino toccando per Artena, Colleferro con tappa conclusiva della giornata a Paliano nel Monumento naturale di La Selva. Luned\u00ec invece la carovana lascer\u00e0 Paliano per attraversare la Forma del Serrone, salire sul Monte Scalambra, immergendosi nelle faggete del Piglio fino a giungere sull&#8217;altopiano di Arcinazzo con cena e pernotto all&#8217;aperto. Marted\u00ec 13 la marcia attraverser\u00e0 il Parco dei Monti Simbruini fino a giungere all&#8217;Arco di Trevi, antica dogana romana, dopodich\u00e9 nel cimitero di Trevi verr\u00e0 reso omaggio al cavaliere Italo Magliacca. Successivamente la marcia riprender\u00e0 alla volta del fiume Aniene e, infine, alle ore 17 circa l\u2019atteso arrivo a Jenne con grande accoglienza finale.<\/p>\n<p style=\"text-align: justify;\"><strong>LA TRADIZIONE<\/strong> &#8211; \u201cSiamo lieti di essere una tappa tradizionale della Marcia della Transumanza promossa e organizzata dall\u2019associazione Lu.Pa. di Antonio Volpi in collaborazione con vari enti e organizzazioni \u2013 afferma il sindaco Mantini \u2013. Per noi \u00e8 diventato un momento atteso all\u2019interno degli appuntamenti nel cartellone di eventi estivi in cui la cultura e storia tradizionale hanno un ruolo molto importante. Rinnovare, seppur in modo turistico e celebrativo, l\u2019antica pratica della transumanza che ha regolato per secoli la cultura e l\u2019economia di questa terra, \u00e8 un valore molto importante che noi cisternesi &#8211; orgogliosi eredi dei butteri &#8211; sosteniamo e accogliamo con grande piacere e simpatia.\u201d<\/p>\n<div class=\"radio-posizionamento-telefono-in-articoli-dopo-il-contenuto-articolo radio-entity-placement\" id=\"radio-1469580299\"><div id=\"radio-338481876\"><a href=\"https:\/\/www.simeoneceramiche.com\/\" aria-label=\"SIMEONE CERAMICHE GIF animata per radioluna_Tavola disegno 1 copia 2 (online-video-cutter.com)\"><img loading=\"lazy\" decoding=\"async\" src=\"https:\/\/www.radioluna.it\/news\/wp-content\/uploads\/2025\/05\/SIMEONE-CERAMICHE-GIF-animata-per-radioluna_Tavola-disegno-1-copia-2-online-video-cutter.com_.gif\" alt=\"\"  width=\"300\" height=\"250\"   \/><\/a><\/div><\/div>","protected":false},"excerpt":{"rendered":"<p>CISTERNA &#8211; Cisterna\u00a0 accoglier\u00e0 oggi, sabato 10 agosto,\u00a0 la Marcia della Transumanza\u00a0XXVIII edizione della rievocazione dell\u2019antica migrazione stagionale dei pastori dai monti Simbruini alla piana pontina, ospitando il passaggio dei cavalieri che partiranno da Falasche ad Anzio per attraversare 14 comuni e giungere il 13 agosto\u00a0 a Jenne lungo un percorso storico-naturalistico di pregiato valore. [&hellip;]<\/p>\n","protected":false},"author":62,"featured_media":358011,"comment_status":"open","ping_status":"open","sticky":false,"template":"","format":"standard","meta":{"footnotes":""},"categories":[16],"tags":[],"class_list":["post-358008","post","type-post","status-publish","format-standard","has-post-thumbnail","hentry","category-appuntamenti"],"_links":{"self":[{"href":"https:\/\/www.radioluna.it\/news\/wp-json\/wp\/v2\/posts\/358008","targetHints":{"allow":["GET"]}}],"collection":[{"href":"https:\/\/www.radioluna.it\/news\/wp-json\/wp\/v2\/posts"}],"about":[{"href":"https:\/\/www.radioluna.it\/news\/wp-json\/wp\/v2\/types\/post"}],"author":[{"embeddable":true,"href":"https:\/\/www.radioluna.it\/news\/wp-json\/wp\/v2\/users\/62"}],"replies":[{"embeddable":true,"href":"https:\/\/www.radioluna.it\/news\/wp-json\/wp\/v2\/comments?post=358008"}],"version-history":[{"count":1,"href":"https:\/\/www.radioluna.it\/news\/wp-json\/wp\/v2\/posts\/358008\/revisions"}],"predecessor-version":[{"id":358012,"href":"https:\/\/www.radioluna.it\/news\/wp-json\/wp\/v2\/posts\/358008\/revisions\/358012"}],"wp:featuredmedia":[{"embeddable":true,"href":"https:\/\/www.radioluna.it\/news\/wp-json\/wp\/v2\/media\/358011"}],"wp:attachment":[{"href":"https:\/\/www.radioluna.it\/news\/wp-json\/wp\/v2\/media?parent=358008"}],"wp:term":[{"taxonomy":"category","embeddable":true,"href":"https:\/\/www.radioluna.it\/news\/wp-json\/wp\/v2\/categories?post=358008"},{"taxonomy":"post_tag","embeddable":true,"href":"https:\/\/www.radioluna.it\/news\/wp-json\/wp\/v2\/tags?post=358008"}],"curies":[{"name":"wp","href":"https:\/\/api.w.org\/{rel}","templated":true}]}}