{"id":358048,"date":"2024-08-10T12:05:56","date_gmt":"2024-08-10T10:05:56","guid":{"rendered":"https:\/\/www.radioluna.it\/news\/?p=358048"},"modified":"2024-08-12T09:15:02","modified_gmt":"2024-08-12T07:15:02","slug":"latina-legge-sul-centenario-calandrini-dare-a-latina-un-respiro-non-piu-locale-ma-europeo","status":"publish","type":"post","link":"https:\/\/www.radioluna.it\/news\/2024\/08\/latina-legge-sul-centenario-calandrini-dare-a-latina-un-respiro-non-piu-locale-ma-europeo\/","title":{"rendered":"Latina, Legge sul Centenario, Calandrini: &#8220;Dare a Latina un respiro non pi\u00f9 locale ma europeo&#8221;"},"content":{"rendered":"<div id=\"fb-root\"><\/div>\n<p style=\"text-align: justify;\"><strong>LATINA &#8211;<\/strong> Il Circolo Cittadino di Latina ha ospitato oggi una conferenza stampa per condividere con la citt\u00e0 e festeggiare l&#8217;approvazione definitiva della legge sul Centenario di Latina, avvenuta lo scorso 7 agosto. Alla presenza della sindaca Matilde Celentano, di autorit\u00e0 locali, rappresentanti politici e cittadini, il Senatore Nicola Calandrini, primo firmatario della legge,\u00a0 ha ribadito l&#8217;importanza di quello che ha definito uno &#8220;storico traguardo per la citt\u00e0&#8221;.<br \/>\n\u201cE\u2019 con grande emozione\u00a0 &#8211; ha detto &#8211; che annuncio oggi l\u2019avvio del percorso verso le celebrazioni del centenario di Latina che si terranno nel 2032. Quella approvata \u00e8 una delle pochissime leggi approvate su iniziativa parlamentare, peraltro il tutto \u00e8 avvenuto in tempi rapidissimi: 13 mesi. In sede di discussione al Senato le opposizioni (Pd e 5 stelle) hanno presentato 10 emendamenti: di questi 9 sono stati accolti all\u2019unanimit\u00e0 e uno \u00e8 stato trasformato in ordine del giorno e accolto come raccomandazione, mentre alla Camera non sono state apportate modifiche per evitare la terza lettura al Senato. Una scelta politica chiara, un gioco di squadra eccezionale che spero non rimanga un\u2019eccezione ma si trasformi in un precedente da seguire\u201d.<br \/>\n\u201cEra necessario \u2013 ha proseguito il Senatore &#8211; \u00a0sottolineare l\u2019unicit\u00e0 della storia di Latina, una delle citt\u00e0 pi\u00f9 giovani d\u2019Europa, l\u2019unico capoluogo di provincia italiano con meno di un secolo di vita. Una citt\u00e0 che rappresenta un unicum, nata sotto il segno dell\u2019accoglienza e della capacit\u00e0 di resilienza: basti pensare alla bonifica dell\u2019agro pontino e all\u2019ingegno che ha strappato la terra pontina alla palude e alla malaria \u00a0ma anche agli ex combattenti della prima guerra mondiale e alle loro famiglie (veneti, friulani e romagnoli) che qui hanno trovato una nuova casa. Come dimenticare le donne e gli uomini che qui gi\u00e0 vivevano e lavoravano (Lepini e sud pontino) e gli esuli di Istria e Dalmazia prima e i profughi in fuga dai regimi totalitari dell\u2019est Europa poi che qui sono stati accolti e hanno trovato una nuova possibilit\u00e0 di vita e sviluppo\u201d.<\/p>\n<p style=\"text-align: justify;\">I prossimi passi:\u00a0 entro 90 giorni il Ministero della Cultura dovr\u00e0 licenziarne lo statuto. Per il 2024 \u00e8 gi\u00e0 previsto un fondo di 200 mila euro: &#8220;Daremo vita\u00a0 &#8211; ha spiegato Calandrini &#8211; a una serie di iniziative per allargare la base della nuova istituzione, cercando di coinvolgere soggetti privati, pubblici, i Comuni della Provincia e altre istituzioni: la Regione, la Provincia, le Universit\u00e0, gli istituti bancari e assicurativi. Organizzeremo una serie di eventi per la presentazione della fondazione e dei suoi temi con relatori di livello nazionale, e realizzeremo alcuni eventi all\u2019estero: penso, come esempio, alle new town (citt\u00e0 nuove) anglosassoni. Della bonifica integrale che interess\u00f2 il nostro territorio negli anni 30 si parl\u00f2 molto all\u2019esterno, specialmente in America e in Gran Bretagna attraverso i due quotidiani New York Times e Times. Una vetrina che oggi dobbiamo riconquistare. Il nostro modello \u00e8 quello del sindaco Nino Corona, che coinvolse i pi\u00f9 grandi architetti del suo tempo per dare alla citt\u00e0 spazi nuovi e per dare a Latina un respiro non pi\u00f9 locale ma europeo. A settembre organizzeremo in Senato anche un convegno per stampa nazionale e internazionale. Non possiamo relegare la portata di una legge dello stato ai confini provinciali. Questo deve essere lo stimolo per lanciare Latina fuori dal proprio confine territoriale e finalmente farla conoscere in tutto il mondo\u201d.<\/p>\n<p style=\"text-align: justify;\">Il disegno di legge sul centenario presentato dal Senatore Nicola Calandrini, e firmato anche dai Senatori Fazzone, Paganella e Menia, il 12 giugno 2024 aveva avuto l\u2019approvazione, all\u2019unanimit\u00e0, in Commissione Cultura con il testo che \u00e8 poi \u00e8 passato alla Camera dei Deputati dove la Commissione Cultura lo ha definitivamente approvato, facendolo diventare legge dello Stato, il 7 agosto scorso.<\/p>\n","protected":false},"excerpt":{"rendered":"<p>LATINA &#8211; Il Circolo Cittadino di Latina ha ospitato oggi una conferenza stampa per condividere con la citt\u00e0 e festeggiare l&#8217;approvazione definitiva della legge sul Centenario di Latina, avvenuta lo scorso 7 agosto. Alla presenza della sindaca Matilde Celentano, di autorit\u00e0 locali, rappresentanti politici e cittadini, il Senatore Nicola Calandrini, primo firmatario della legge,\u00a0 ha [&hellip;]<\/p>\n","protected":false},"author":60,"featured_media":358084,"comment_status":"open","ping_status":"open","sticky":false,"template":"","format":"standard","meta":{"footnotes":""},"categories":[735,8],"tags":[],"class_list":["post-358048","post","type-post","status-publish","format-standard","has-post-thumbnail","hentry","category-attualita","category-politica"],"_links":{"self":[{"href":"https:\/\/www.radioluna.it\/news\/wp-json\/wp\/v2\/posts\/358048","targetHints":{"allow":["GET"]}}],"collection":[{"href":"https:\/\/www.radioluna.it\/news\/wp-json\/wp\/v2\/posts"}],"about":[{"href":"https:\/\/www.radioluna.it\/news\/wp-json\/wp\/v2\/types\/post"}],"author":[{"embeddable":true,"href":"https:\/\/www.radioluna.it\/news\/wp-json\/wp\/v2\/users\/60"}],"replies":[{"embeddable":true,"href":"https:\/\/www.radioluna.it\/news\/wp-json\/wp\/v2\/comments?post=358048"}],"version-history":[{"count":2,"href":"https:\/\/www.radioluna.it\/news\/wp-json\/wp\/v2\/posts\/358048\/revisions"}],"predecessor-version":[{"id":358085,"href":"https:\/\/www.radioluna.it\/news\/wp-json\/wp\/v2\/posts\/358048\/revisions\/358085"}],"wp:featuredmedia":[{"embeddable":true,"href":"https:\/\/www.radioluna.it\/news\/wp-json\/wp\/v2\/media\/358084"}],"wp:attachment":[{"href":"https:\/\/www.radioluna.it\/news\/wp-json\/wp\/v2\/media?parent=358048"}],"wp:term":[{"taxonomy":"category","embeddable":true,"href":"https:\/\/www.radioluna.it\/news\/wp-json\/wp\/v2\/categories?post=358048"},{"taxonomy":"post_tag","embeddable":true,"href":"https:\/\/www.radioluna.it\/news\/wp-json\/wp\/v2\/tags?post=358048"}],"curies":[{"name":"wp","href":"https:\/\/api.w.org\/{rel}","templated":true}]}}