{"id":358052,"date":"2024-08-10T13:09:42","date_gmt":"2024-08-10T11:09:42","guid":{"rendered":"https:\/\/www.radioluna.it\/news\/?p=358052"},"modified":"2024-08-10T13:09:42","modified_gmt":"2024-08-10T11:09:42","slug":"lenola-appicca-un-incendio-e-da-fuoco-a-5-ettari-di-pineta-denunciato","status":"publish","type":"post","link":"https:\/\/www.radioluna.it\/news\/2024\/08\/lenola-appicca-un-incendio-e-da-fuoco-a-5-ettari-di-pineta-denunciato\/","title":{"rendered":"Lenola, appicca un incendio e d\u00e0 fuoco a 5 ettari di pineta: denunciato"},"content":{"rendered":"<div id=\"fb-root\"><\/div>\n<p style=\"text-align: justify;\"><strong>LENOLA<\/strong> &#8211; Un piromane \u00e8 stato denunciato dai carabinieri per un incendio boschivo doloso che ha mandato in fumo circa 5 ettari di pineta di pino marittimo a Lenola. Si tratta di un 66enne del posto individuati grazie alle indagini dei carabinieri. Dopo due incendi sospetti avvenuti a fine luglio. il 28 e il 29,\u00a0 \u00a0in localit\u00e0 Ambrifi, grazie all\u2019uso di apparecchiature tecniche di videosorveglianza, \u00e8 stata isolata l\u2019immagine di un uomo intento a lanciare un ordigno incendiario.<\/p>\n<p style=\"text-align: justify;\">Resta alta l\u2019attenzione del comparto forestale &#8211; sottolinea il Comando provinciale dei\u00a0carabinieri\u00a0&#8211; verso un fenomeno che, al di l\u00e0 delle responsabilit\u00e0 umane, sta creando in questa stagione estiva grandi criticit\u00e0 anche per il perdurare di condizioni meteo-climatiche estremamente difficili a causa delle altissime temperature giornaliere\u00bb.<\/p>\n","protected":false},"excerpt":{"rendered":"<p>LENOLA &#8211; Un piromane \u00e8 stato denunciato dai carabinieri per un incendio boschivo doloso che ha mandato in fumo circa 5 ettari di pineta di pino marittimo a Lenola. Si tratta di un 66enne del posto individuati grazie alle indagini dei carabinieri. Dopo due incendi sospetti avvenuti a fine luglio. il 28 e il 29,\u00a0 [&hellip;]<\/p>\n","protected":false},"author":62,"featured_media":358053,"comment_status":"open","ping_status":"open","sticky":false,"template":"","format":"standard","meta":{"footnotes":""},"categories":[7,2428],"tags":[],"class_list":["post-358052","post","type-post","status-publish","format-standard","has-post-thumbnail","hentry","category-cronaca","category-primo-piano"],"_links":{"self":[{"href":"https:\/\/www.radioluna.it\/news\/wp-json\/wp\/v2\/posts\/358052","targetHints":{"allow":["GET"]}}],"collection":[{"href":"https:\/\/www.radioluna.it\/news\/wp-json\/wp\/v2\/posts"}],"about":[{"href":"https:\/\/www.radioluna.it\/news\/wp-json\/wp\/v2\/types\/post"}],"author":[{"embeddable":true,"href":"https:\/\/www.radioluna.it\/news\/wp-json\/wp\/v2\/users\/62"}],"replies":[{"embeddable":true,"href":"https:\/\/www.radioluna.it\/news\/wp-json\/wp\/v2\/comments?post=358052"}],"version-history":[{"count":1,"href":"https:\/\/www.radioluna.it\/news\/wp-json\/wp\/v2\/posts\/358052\/revisions"}],"predecessor-version":[{"id":358054,"href":"https:\/\/www.radioluna.it\/news\/wp-json\/wp\/v2\/posts\/358052\/revisions\/358054"}],"wp:featuredmedia":[{"embeddable":true,"href":"https:\/\/www.radioluna.it\/news\/wp-json\/wp\/v2\/media\/358053"}],"wp:attachment":[{"href":"https:\/\/www.radioluna.it\/news\/wp-json\/wp\/v2\/media?parent=358052"}],"wp:term":[{"taxonomy":"category","embeddable":true,"href":"https:\/\/www.radioluna.it\/news\/wp-json\/wp\/v2\/categories?post=358052"},{"taxonomy":"post_tag","embeddable":true,"href":"https:\/\/www.radioluna.it\/news\/wp-json\/wp\/v2\/tags?post=358052"}],"curies":[{"name":"wp","href":"https:\/\/api.w.org\/{rel}","templated":true}]}}