{"id":358255,"date":"2024-08-14T08:34:14","date_gmt":"2024-08-14T06:34:14","guid":{"rendered":"https:\/\/www.radioluna.it\/news\/?p=358255"},"modified":"2024-08-14T08:34:14","modified_gmt":"2024-08-14T06:34:14","slug":"sei-runner-pontine-alla-marathon-pour-tous-di-parigi-2024","status":"publish","type":"post","link":"https:\/\/www.radioluna.it\/news\/2024\/08\/sei-runner-pontine-alla-marathon-pour-tous-di-parigi-2024\/","title":{"rendered":"Sei runner pontine alla Marathon Pour Tous di Parigi 2024"},"content":{"rendered":"<div id=\"fb-root\"><\/div>\n<p style=\"text-align: justify;\"><strong>LATINA<\/strong> &#8211; Sono tornati a casa i sette runner della Nuova Podistica Latina, sei donne e un uomo,\u00a0 che hanno preso parte alla Marathon Pour Tous di Parigi 2024. Per la prima volta nella storia delle olimpiadi una maratona aperta ad atleti e atlete non professionisti, che hanno percorso lo stesso identico tragitto degli olimpionici: 436 metri di dislivello positivo, in un tracciato di 42 chilometri e 195 metri, mai due volte dallo stesso punto.<\/p>\n<p style=\"text-align: justify;\">Fra i 20.024 partecipanti Federica Paoletti, Clotilde Sofra, Valeria Sortino, Claudia Ferullo, Barbara Mussardo, Maria Giovanna Maceroli. \u00ab\u00c8 stata una grande soddisfazione per la societ\u00e0 avere sette ultramaratoneti selezionati per la Pour Tous di Parigi 2024, un evento unico, per la prima volta aperto a tutti, una grande opportunit\u00e0 di cimentarsi con le proprie forze in un contesto a dir poco magico \u2013 ha affermato Enrico Di Gregorio Presidente della Nuova Podistica Latina \u2013 la nostra \u00e8 una magnifica squadra composta da 96 atleti con oltre il 90% di maratoneti, una delle poche in Italia con un primato di maratonete donne. Sono davvero orgoglioso della prova superata dai \u201cmiei\u201d atleti, tagliare il traguardo dei 42 chilometri e 195 metri, non \u00e8 mai scontato e loro ce l\u2019hanno fatta\u00bb.\u00a0 Una dura selezione con prove a tappe iniziata circa due anni fa per assegnare ai maratoneti meritevoli il pettorale.<\/p>\n<p style=\"text-align: justify;\">\u00abLa Marathon Pour Tous \u00e8 stata una esperienza unica e irripetibile. Un percorso durissimo con due dislivelli importanti che hanno messo a dura prova gambe e testa di tutte noi. Il momento di difficolt\u00e0 c\u2019\u00e8 stato ma mai il pensiero di mollare tutto \u2013 ha raccontato\u00a0 la maratoneta Claudia Ferullo \u2013 La dea bendata ci ha dato la possibilit\u00e0 di partecipare alla prima maratona olimpica aperta ai non professionisti e dopo anni di allenamenti, gare e sfide l\u2019emozione pi\u00f9 grande \u00e8 stata quella di ricevere e farsi mettere al collo la prima medaglia olimpica e dire io c\u2019ero. Non importa come ci siamo classificate ma quello di esserci state\u00bb. Gli organizzatori hanno stimato un tempo per la chiusura del percorso con un range che andava dalle tre alle sei ore. \u00abDifficile descrivere in poche parole quelle 24 ore incredibili. Ognuna di noi \u00e8 arrivata a quella linea di partenza con il bagaglio di prove diverse che la vita le ha messo davanti negli anni: questa opportunit\u00e0 \u00e8 un premio per la forza, il coraggio e la caparbiet\u00e0 che troviamo dentro di noi per andare avanti sempre, qualunque cosa ci sia da affrontare \u2013 ha proseguito la maratoneta Barbara Mussardo \u2013 Ci abbiamo creduto giorno dopo giorno negli ultimi 2 anni, facendo anche dei sacrifici: la nostra costanza \u00e8 stata premiata con il privilegio di essere nella Storia e l&#8217;unico pensiero nella testa era &#8220;Mi vado a prendere quella medaglia!&#8221;\u00bb.<\/p>\n<p style=\"text-align: justify;\">\u00abDopo il 15\u00b0 km la salita ha vinto e ho scelto di camminare,\u00a0 fortunatamente non ero sola, con me la mia amica Maria Giovanna, passo dopo passo, dopo una sosta abbiamo incontrato Barbara; i km in compagnia passano pi\u00f9 velocemente, in lontananza la Tour Eiffel ci indicava la via \u2013 ha raccontato la maratoneta Clotilde Sofra \u2013 Si corre, si cammina, si corre e si cammina e poi arrivano loro, gli ultimi 2km e 195m, mi giro verso Maria Giovanna e non c&#8217;\u00e8 stato bisogno di dire nulla,\u00a0 abbiamo iniziato a correre fino alla fine, con il sorriso,\u00a0 mano nella mano su quel tappeto blu tra gli applausi e le urla abbiamo finito la nostra corsa olimpionica\u00bb.<\/p>\n<p style=\"text-align: justify;\">Bella la prova anche per Andrea Balzini, selezionato per la 10 Km. A supportare gli atleti latinensi anche Alessandro Panaccione ultramaratoneta della Nuova Podistica Latina.<\/p>\n<p>&nbsp;<\/p>\n<div class=\"radio-posizionamento-telefono-in-articoli-dopo-il-contenuto-articolo radio-entity-placement\" id=\"radio-2894816974\"><div id=\"radio-3473436719\"><a href=\"https:\/\/grupporedi.it\/\" aria-label=\"Redi-Qr\"><img loading=\"lazy\" decoding=\"async\" src=\"https:\/\/www.radioluna.it\/news\/wp-content\/uploads\/2026\/03\/Redi-Qr.jpg\" alt=\"\"  srcset=\"https:\/\/www.radioluna.it\/news\/wp-content\/uploads\/2026\/03\/Redi-Qr.jpg 800w, https:\/\/www.radioluna.it\/news\/wp-content\/uploads\/2026\/03\/Redi-Qr-768x639.jpg 768w\" sizes=\"(max-width: 800px) 100vw, 800px\" width=\"300\" height=\"250\"   \/><\/a><\/div><\/div>","protected":false},"excerpt":{"rendered":"<p>LATINA &#8211; Sono tornati a casa i sette runner della Nuova Podistica Latina, sei donne e un uomo,\u00a0 che hanno preso parte alla Marathon Pour Tous di Parigi 2024. Per la prima volta nella storia delle olimpiadi una maratona aperta ad atleti e atlete non professionisti, che hanno percorso lo stesso identico tragitto degli olimpionici: [&hellip;]<\/p>\n","protected":false},"author":5430,"featured_media":358256,"comment_status":"open","ping_status":"open","sticky":false,"template":"","format":"gallery","meta":{"footnotes":""},"categories":[734,17],"tags":[],"class_list":["post-358255","post","type-post","status-publish","format-gallery","has-post-thumbnail","hentry","category-evidenza","category-sport","post_format-post-format-gallery"],"_links":{"self":[{"href":"https:\/\/www.radioluna.it\/news\/wp-json\/wp\/v2\/posts\/358255","targetHints":{"allow":["GET"]}}],"collection":[{"href":"https:\/\/www.radioluna.it\/news\/wp-json\/wp\/v2\/posts"}],"about":[{"href":"https:\/\/www.radioluna.it\/news\/wp-json\/wp\/v2\/types\/post"}],"author":[{"embeddable":true,"href":"https:\/\/www.radioluna.it\/news\/wp-json\/wp\/v2\/users\/5430"}],"replies":[{"embeddable":true,"href":"https:\/\/www.radioluna.it\/news\/wp-json\/wp\/v2\/comments?post=358255"}],"version-history":[{"count":1,"href":"https:\/\/www.radioluna.it\/news\/wp-json\/wp\/v2\/posts\/358255\/revisions"}],"predecessor-version":[{"id":358259,"href":"https:\/\/www.radioluna.it\/news\/wp-json\/wp\/v2\/posts\/358255\/revisions\/358259"}],"wp:featuredmedia":[{"embeddable":true,"href":"https:\/\/www.radioluna.it\/news\/wp-json\/wp\/v2\/media\/358256"}],"wp:attachment":[{"href":"https:\/\/www.radioluna.it\/news\/wp-json\/wp\/v2\/media?parent=358255"}],"wp:term":[{"taxonomy":"category","embeddable":true,"href":"https:\/\/www.radioluna.it\/news\/wp-json\/wp\/v2\/categories?post=358255"},{"taxonomy":"post_tag","embeddable":true,"href":"https:\/\/www.radioluna.it\/news\/wp-json\/wp\/v2\/tags?post=358255"}],"curies":[{"name":"wp","href":"https:\/\/api.w.org\/{rel}","templated":true}]}}