{"id":358284,"date":"2024-08-14T12:09:54","date_gmt":"2024-08-14T10:09:54","guid":{"rendered":"https:\/\/www.radioluna.it\/news\/?p=358284"},"modified":"2024-08-14T12:09:54","modified_gmt":"2024-08-14T10:09:54","slug":"fotografia-a-latina-la-mostra-esordio-di-vincenzo-cotesta-encore","status":"publish","type":"post","link":"https:\/\/www.radioluna.it\/news\/2024\/08\/fotografia-a-latina-la-mostra-esordio-di-vincenzo-cotesta-encore\/","title":{"rendered":"Fotografia, a Latina la mostra-esordio di Vincenzo Cotesta: Encore"},"content":{"rendered":"<div id=\"fb-root\"><\/div>\n<p style=\"text-align: justify;\"><strong>LATINA<\/strong> &#8211; Si chiama Encore la mostra fotografica di Vincenzo Cotesta inaugurata il 3 agosto al Poeta Lunch Bar di piazza del Popolo a Latina, visitabile fino all&#8217;8 settembre. E&#8217; un esordio per il giovane fotografo pontino, vent&#8217;anni, studente di fotografia all\u2019Accademia di Belle Arti di Roma.<\/p>\n<p style=\"text-align: justify;\">&#8220;Encore &#8211; racconta l&#8217;autore &#8211; \u00e8 composta da due serie distinte, opposte sia visivamente che per concetto, ma che sono in realt\u00e0 \u201cfacce della stessa medaglia\u201d. La prima, Atoms, \u00e8 uno studio, una\u00a0 ricerca sul corpo, sulle sue forme, e sulle sue prospettive. La seconda, Mantra, \u00e8 una ricerca sulla figura umana che, qui, non \u00e8 materica ma \u00e8 eterea, ed \u00e8 sublimata dalla sua caratteristica puramente fisica.\u00a0 Ho pensato di voler mantenere un piccolo formato (18x24cm) in quanto sento il bisogno di un rapporto pi\u00f9 intimo tra lo\u00a0spettatore e lo scatto, vorrei che le persone si avvicinassero ed entrassero in contatto con la fotografia cos\u00ec come ho fatto io attraverso il mirino della macchina fotografica. Questi scatti sono pensati come dei \u201cdittici\u201d.<img loading=\"lazy\" decoding=\"async\" class=\"wp-image-358285 alignright\" src=\"https:\/\/www.radioluna.it\/news\/wp-content\/uploads\/2024\/08\/image0.jpeg\" alt=\"\" width=\"235\" height=\"288\" srcset=\"https:\/\/www.radioluna.it\/news\/wp-content\/uploads\/2024\/08\/image0.jpeg 1044w, https:\/\/www.radioluna.it\/news\/wp-content\/uploads\/2024\/08\/image0-768x942.jpeg 768w\" sizes=\"auto, (max-width: 235px) 100vw, 235px\" \/><\/p>\n<p style=\"text-align: justify;\">\u201cIl giovanissimo autore che vive a Roccagorga, propone una serie di ventidue scatti fotografici che portano intimamente il visitatore a contatto con le sue visioni &#8211; spiega il curatore della mostra Fabio D&#8217;Achille &#8211;\u00a0 Il fascino del bianco e nero restituisce a questo corpo femminile una sua profonda sinuosit\u00e0. Il corpo diventa immediatamente paesaggio e il contrasto delle silhouette femminili s\u2019incontra con un studio personalissimo delle ombre e delle forme narrate. Il segno di Vincenzo \u00e8 netto quasi inequivocabile. L\u2019intimit\u00e0 e la fascinazione femminili collimano in questi dittici nel particolare profondo, nelle molteplici tonalit\u00e0 del grigio e nelle precise linee spaziali tra la donna e il vuoto che la circonda e la riempie. Quando s\u2019incontrano visivamente la pelle, le ossa, i muscoli, lo spazio si colma di percezione diretta mentre nella foto opposta la sagoma \u00e8 unica e sola nello spazio&#8230; c\u2019\u00e8 il tempo di respirare un attimo e di cercare la foto successiva per ripetere l\u2019emozione nuovamente. Il tutto succede undici volte e la dodicesima \u00e8 per ringraziare l\u2019artista e la sua musa ispiratrice per averci dato il \u201cpunctum\u201d di Encore\u201d.<\/p>\n<p style=\"text-align: justify;\">\n<div class=\"radio-posizionamento-telefono-in-articoli-dopo-il-contenuto-articolo radio-entity-placement\" id=\"radio-786747926\"><div id=\"radio-2069142877\"><a href=\"https:\/\/www.simeoneceramiche.com\/\" aria-label=\"SIMEONE CERAMICHE GIF animata per radioluna_Tavola disegno 1 copia 2 (online-video-cutter.com)\"><img loading=\"lazy\" decoding=\"async\" src=\"https:\/\/www.radioluna.it\/news\/wp-content\/uploads\/2025\/05\/SIMEONE-CERAMICHE-GIF-animata-per-radioluna_Tavola-disegno-1-copia-2-online-video-cutter.com_.gif\" alt=\"\"  width=\"300\" height=\"250\"   \/><\/a><\/div><\/div>","protected":false},"excerpt":{"rendered":"<p>LATINA &#8211; Si chiama Encore la mostra fotografica di Vincenzo Cotesta inaugurata il 3 agosto al Poeta Lunch Bar di piazza del Popolo a Latina, visitabile fino all&#8217;8 settembre. E&#8217; un esordio per il giovane fotografo pontino, vent&#8217;anni, studente di fotografia all\u2019Accademia di Belle Arti di Roma. &#8220;Encore &#8211; racconta l&#8217;autore &#8211; \u00e8 composta da [&hellip;]<\/p>\n","protected":false},"author":60,"featured_media":358286,"comment_status":"open","ping_status":"open","sticky":false,"template":"","format":"standard","meta":{"footnotes":""},"categories":[16],"tags":[],"class_list":["post-358284","post","type-post","status-publish","format-standard","has-post-thumbnail","hentry","category-appuntamenti"],"_links":{"self":[{"href":"https:\/\/www.radioluna.it\/news\/wp-json\/wp\/v2\/posts\/358284","targetHints":{"allow":["GET"]}}],"collection":[{"href":"https:\/\/www.radioluna.it\/news\/wp-json\/wp\/v2\/posts"}],"about":[{"href":"https:\/\/www.radioluna.it\/news\/wp-json\/wp\/v2\/types\/post"}],"author":[{"embeddable":true,"href":"https:\/\/www.radioluna.it\/news\/wp-json\/wp\/v2\/users\/60"}],"replies":[{"embeddable":true,"href":"https:\/\/www.radioluna.it\/news\/wp-json\/wp\/v2\/comments?post=358284"}],"version-history":[{"count":1,"href":"https:\/\/www.radioluna.it\/news\/wp-json\/wp\/v2\/posts\/358284\/revisions"}],"predecessor-version":[{"id":358288,"href":"https:\/\/www.radioluna.it\/news\/wp-json\/wp\/v2\/posts\/358284\/revisions\/358288"}],"wp:featuredmedia":[{"embeddable":true,"href":"https:\/\/www.radioluna.it\/news\/wp-json\/wp\/v2\/media\/358286"}],"wp:attachment":[{"href":"https:\/\/www.radioluna.it\/news\/wp-json\/wp\/v2\/media?parent=358284"}],"wp:term":[{"taxonomy":"category","embeddable":true,"href":"https:\/\/www.radioluna.it\/news\/wp-json\/wp\/v2\/categories?post=358284"},{"taxonomy":"post_tag","embeddable":true,"href":"https:\/\/www.radioluna.it\/news\/wp-json\/wp\/v2\/tags?post=358284"}],"curies":[{"name":"wp","href":"https:\/\/api.w.org\/{rel}","templated":true}]}}