{"id":358301,"date":"2024-08-14T17:22:32","date_gmt":"2024-08-14T15:22:32","guid":{"rendered":"https:\/\/www.radioluna.it\/news\/?p=358301"},"modified":"2024-08-17T08:09:26","modified_gmt":"2024-08-17T06:09:26","slug":"doppio-raid-vandalico-al-cimitero-comunale","status":"publish","type":"post","link":"https:\/\/www.radioluna.it\/news\/2024\/08\/doppio-raid-vandalico-al-cimitero-comunale\/","title":{"rendered":"Doppio raid vandalico al Cimitero Comunale"},"content":{"rendered":"<div id=\"fb-root\"><\/div>\n<p>CISTERNA &#8211; Vandali in azione al cimitero di Cisterna e per ben due notti consecutive. Lo ha segnalato il Comune, parlando di bagni pubblici imbrattati da ignoti arrivati ad accanirsi anche contro alcune pareti della struttura. L&#8217;episodio \u00e8 avvenuto per due notti consecutive, tanto che l&#8217;opera di bonifica e ripulitura attuata dalla Cisterna Ambiente ieri mattina si \u00e8 rivelata inutile. Si \u00e8 ora disposto che si potr\u00e0 accedere ai servizi igienici solo facendo richiesta alla guardiania del cimitero. Il sindaco Mantini si \u00e8 detto indignato e costernato per l&#8217;accaduto: &#8220;Questi atti non solo ledono l\u2019essere civile della nostra comunit\u00e0 ma offendono oltretutto la sacralit\u00e0 del luogo. Faccio appello a tutti i cittadini ad aiutarci a tutelare il decoro e dare segno di civilt\u00e0 rispettando i luoghi identitari, storici e sacri della nostra citt\u00e0&#8221;.<\/p>\n<div class=\"radio-posizionamento-telefono-in-articoli-dopo-il-contenuto-articolo radio-entity-placement\" id=\"radio-3964253687\"><div id=\"radio-496136077\" style=\"width: 300px;height: 250px;\"><a href=\"https:\/\/www.icarspa.it\/auto\/usate\/latina\/\" aria-label=\"banner aprile icar new life &#8211; auto usate latina\"><img loading=\"lazy\" decoding=\"async\" src=\"https:\/\/www.radioluna.it\/news\/wp-content\/uploads\/2026\/02\/banner-aprile-icar-new-life-auto-usate-latina.gif\" alt=\"\"  width=\"300\" height=\"250\"   \/><\/a><\/div><\/div>","protected":false},"excerpt":{"rendered":"<p>CISTERNA &#8211; Vandali in azione al cimitero di Cisterna e per ben due notti consecutive. Lo ha segnalato il Comune, parlando di bagni pubblici imbrattati da ignoti arrivati ad accanirsi anche contro alcune pareti della struttura. L&#8217;episodio \u00e8 avvenuto per due notti consecutive, tanto che l&#8217;opera di bonifica e ripulitura attuata dalla Cisterna Ambiente ieri [&hellip;]<\/p>\n","protected":false},"author":60,"featured_media":0,"comment_status":"open","ping_status":"open","sticky":false,"template":"","format":"standard","meta":{"footnotes":""},"categories":[7,2428],"tags":[],"class_list":["post-358301","post","type-post","status-publish","format-standard","hentry","category-cronaca","category-primo-piano"],"_links":{"self":[{"href":"https:\/\/www.radioluna.it\/news\/wp-json\/wp\/v2\/posts\/358301","targetHints":{"allow":["GET"]}}],"collection":[{"href":"https:\/\/www.radioluna.it\/news\/wp-json\/wp\/v2\/posts"}],"about":[{"href":"https:\/\/www.radioluna.it\/news\/wp-json\/wp\/v2\/types\/post"}],"author":[{"embeddable":true,"href":"https:\/\/www.radioluna.it\/news\/wp-json\/wp\/v2\/users\/60"}],"replies":[{"embeddable":true,"href":"https:\/\/www.radioluna.it\/news\/wp-json\/wp\/v2\/comments?post=358301"}],"version-history":[{"count":0,"href":"https:\/\/www.radioluna.it\/news\/wp-json\/wp\/v2\/posts\/358301\/revisions"}],"wp:attachment":[{"href":"https:\/\/www.radioluna.it\/news\/wp-json\/wp\/v2\/media?parent=358301"}],"wp:term":[{"taxonomy":"category","embeddable":true,"href":"https:\/\/www.radioluna.it\/news\/wp-json\/wp\/v2\/categories?post=358301"},{"taxonomy":"post_tag","embeddable":true,"href":"https:\/\/www.radioluna.it\/news\/wp-json\/wp\/v2\/tags?post=358301"}],"curies":[{"name":"wp","href":"https:\/\/api.w.org\/{rel}","templated":true}]}}