{"id":358338,"date":"2024-08-16T11:58:56","date_gmt":"2024-08-16T09:58:56","guid":{"rendered":"https:\/\/www.radioluna.it\/news\/?p=358338"},"modified":"2024-08-16T11:58:56","modified_gmt":"2024-08-16T09:58:56","slug":"latina-ancora-da-bollino-rosso-ma-per-poco-domenica-sara-verde","status":"publish","type":"post","link":"https:\/\/www.radioluna.it\/news\/2024\/08\/latina-ancora-da-bollino-rosso-ma-per-poco-domenica-sara-verde\/","title":{"rendered":"Latina ancora da bollino rosso, ma per poco: domenica sar\u00e0 verde"},"content":{"rendered":"<div id=\"fb-root\"><\/div>\n<p style=\"text-align: justify;\"><strong>LATINA<\/strong> &#8211; Bollino da rosso a verde nel giro di tre giorni. Il caldo torrido ci accompagner\u00e0 ancora per la giornata di oggi, il livello di allerta per Latina resta 3, bollino rosso, ma con temperatura massima percepita scesa da 40\u00b0 a 38\u00b0 centigradi (<a href=\"https:\/\/www.salute.gov.it\/portale\/caldo\/bollettiniCaldo.jsp?lingua=italiano&amp;id=4542&amp;area=emergenzaCaldo&amp;menu=vuoto\"> secondo l&#8217;ultimo bollettino sulle ondate di calore<\/a>). Ma, dopo oltre un mese di temperature sopra la media e notti tropicali, nel fine settimana in tutto il Lazio \u00e8 attesa una forte perturbazione dal Nord Europa che si sta estendendo a tutta l&#8217;Italia.<\/p>\n<p style=\"text-align: justify;\">La giornata in cui si registrer\u00e0 un cambiamento netto del clima e delle temperature \u00e8 domenica 18 agosto quando si prevedono pioggia e temporali in tutto il Lazio e il bollettino per Latina sar\u00e0 verde. La colonnina di mercurio caler\u00e0 significativamente gi\u00e0 nella giornata di domani, sabato 17 agosto, con bollino giallo. Le temperature saranno\u00a0 comprese tra la minima di 23 e la massima di massima percepita di 36\u00b0.<\/p>\n<div class=\"radio-posizionamento-telefono-in-articoli-dopo-il-contenuto-articolo radio-entity-placement\" id=\"radio-2670471848\"><div id=\"radio-74141797\" style=\"width: 300px;height: 250px;\"><a href=\"https:\/\/www.icarspa.it\/auto\/usate\/latina\/\" aria-label=\"banner aprile icar new life &#8211; auto usate latina\"><img loading=\"lazy\" decoding=\"async\" src=\"https:\/\/www.radioluna.it\/news\/wp-content\/uploads\/2026\/02\/banner-aprile-icar-new-life-auto-usate-latina.gif\" alt=\"\"  width=\"300\" height=\"250\"   \/><\/a><\/div><\/div>","protected":false},"excerpt":{"rendered":"<p>LATINA &#8211; Bollino da rosso a verde nel giro di tre giorni. Il caldo torrido ci accompagner\u00e0 ancora per la giornata di oggi, il livello di allerta per Latina resta 3, bollino rosso, ma con temperatura massima percepita scesa da 40\u00b0 a 38\u00b0 centigradi ( secondo l&#8217;ultimo bollettino sulle ondate di calore). Ma, dopo oltre [&hellip;]<\/p>\n","protected":false},"author":62,"featured_media":126899,"comment_status":"open","ping_status":"open","sticky":false,"template":"","format":"standard","meta":{"footnotes":""},"categories":[7,734],"tags":[],"class_list":["post-358338","post","type-post","status-publish","format-standard","has-post-thumbnail","hentry","category-cronaca","category-evidenza"],"_links":{"self":[{"href":"https:\/\/www.radioluna.it\/news\/wp-json\/wp\/v2\/posts\/358338","targetHints":{"allow":["GET"]}}],"collection":[{"href":"https:\/\/www.radioluna.it\/news\/wp-json\/wp\/v2\/posts"}],"about":[{"href":"https:\/\/www.radioluna.it\/news\/wp-json\/wp\/v2\/types\/post"}],"author":[{"embeddable":true,"href":"https:\/\/www.radioluna.it\/news\/wp-json\/wp\/v2\/users\/62"}],"replies":[{"embeddable":true,"href":"https:\/\/www.radioluna.it\/news\/wp-json\/wp\/v2\/comments?post=358338"}],"version-history":[{"count":3,"href":"https:\/\/www.radioluna.it\/news\/wp-json\/wp\/v2\/posts\/358338\/revisions"}],"predecessor-version":[{"id":358354,"href":"https:\/\/www.radioluna.it\/news\/wp-json\/wp\/v2\/posts\/358338\/revisions\/358354"}],"wp:featuredmedia":[{"embeddable":true,"href":"https:\/\/www.radioluna.it\/news\/wp-json\/wp\/v2\/media\/126899"}],"wp:attachment":[{"href":"https:\/\/www.radioluna.it\/news\/wp-json\/wp\/v2\/media?parent=358338"}],"wp:term":[{"taxonomy":"category","embeddable":true,"href":"https:\/\/www.radioluna.it\/news\/wp-json\/wp\/v2\/categories?post=358338"},{"taxonomy":"post_tag","embeddable":true,"href":"https:\/\/www.radioluna.it\/news\/wp-json\/wp\/v2\/tags?post=358338"}],"curies":[{"name":"wp","href":"https:\/\/api.w.org\/{rel}","templated":true}]}}