{"id":358465,"date":"2024-08-19T08:05:23","date_gmt":"2024-08-19T06:05:23","guid":{"rendered":"https:\/\/www.radioluna.it\/news\/?p=358465"},"modified":"2024-08-19T08:05:23","modified_gmt":"2024-08-19T06:05:23","slug":"sermoneta-palcoscenico-mondiale-del-folklore","status":"publish","type":"post","link":"https:\/\/www.radioluna.it\/news\/2024\/08\/sermoneta-palcoscenico-mondiale-del-folklore\/","title":{"rendered":"Sermoneta palcoscenico mondiale del folklore"},"content":{"rendered":"<div id=\"fb-root\"><\/div>\n<p style=\"text-align: justify;\"><strong>SERMONETA &#8211;<\/strong>\u00a0 Sermoneta torna a essere palcoscenico mondiale dal 20 al 25 agosto per l\u2019ottava edizione del Festival internazionale \u201cSermoneta in folklore\u201d, che ospiter\u00e0 gruppi provenienti da vari paesi del mondo nel segno dello scambio culturale e della passione per la cultura tradizionale. La manifestazione \u00e8 organizzata dall&#8217;associazione Sbandieratori Ducato Caetani in collaborazione e con il contributo dell\u2019amministrazione comunale di Sermoneta, che da sempre crede in questa manifestazione come opportunit\u00e0 di confronto e scambio tra culture diverse, sostenendo le spese organizzative. La rassegna gode anche del patrocinio e contributo della Regione Lazio. A partecipare, oltre agli Sbandieratori di Sermoneta, ci saranno gruppi folk provenienti da Taiwan, Repubblica Ceca e Bulgaria.<br \/>\n\u00abSiamo orgogliosi di accogliere gruppi provenienti da ogni parte del mondo, rappresentanti di diverse culture, lanciando un messaggio di pace e di collaborazione tra i popoli in un momento in cui i conflitti e le tensioni internazionali stanno condizionando la nostra vita\u00bb, spiega il presidente del Consiglio e delegato a cultura e turismo Pierluigi Torelli. \u00abSermoneta \u00e8 lieta di accogliere il pubblico che vorr\u00e0 assistere a questi spettacoli suggestivi ma anche carichi di significato\u00bb.<br \/>\nSi parte marted\u00ec 20 agosto con l&#8217;inaugurazione del festival alle ore 21 al Belvedere di Sermoneta, dove ci sar\u00e0 la cerimonia di apertura del festival e a seguire l&#8217;esibizione dei gruppi. Mercoled\u00ec 21 e gioved\u00ec 22 agosto le esibizioni saranno in piazza del Popolo. Si prosegue ancora venerd\u00ec 23 agosto con il festival in \u201ctrasferta\u201d a Sabaudia, mentre il 24 agosto il festival si sposta a Nettuno. Gran finale domenica 25 agosto a Sermoneta: alle 20.30 le delegazioni di Serbia, Colombia Paraguay e Italia partiranno da fuoriporta per arrivare, alle 21, al Belvedere per la serata di chiusura del festival.<br \/>\nDalla Repubblica Ceca arriva il gruppo folklorico Pucik, 33 anni di storia, con le danze tipiche della loro regione e la promozione della loro cultura. Dalla Bulgaria partecipa il gruppo Svetlina, fondato nel 1940, considerato tra i migliori gruppi folklorici della Bulgaria. Da Taiwan ci sar\u00e0 il Chi Shan Performing Arts Studio, fondato nel 2013, con l\u2019utilizzo delle tipiche campanelle asiatiche.<br \/>\nDall\u2019Italia i padroni di casa, gli sbandieratori Ducato Caetani di Sermoneta, 27 anni di storia alle spalle, nata con lo scopo di promuovere l\u2019antica arte della bandiera e di portare avanti l\u2019interesse verso il folklore nazionale ed internazionale, partecipa a manifestazioni e festival in tutto il mondo. Presieduta da Biagio Vasta, l&#8217;associazione si \u00e8 fatta conoscere a Melbourne, in Corea in occasione dei Mondiali di Calcio, in Messico, al Columbus Day di New York, ai vari festival internazionali del Folklore in Per\u00f9, Brasile, Grecia, Francia Svizzera, Ungheria, Malta, Israele, Spagna, Messico, Stati Uniti.<\/p>\n<div class=\"radio-posizionamento-telefono-in-articoli-dopo-il-contenuto-articolo radio-entity-placement\" id=\"radio-529793967\"><div id=\"radio-2628833813\"><a href=\"https:\/\/grupporedi.it\/\" aria-label=\"Redi-Qr\"><img loading=\"lazy\" decoding=\"async\" src=\"https:\/\/www.radioluna.it\/news\/wp-content\/uploads\/2026\/03\/Redi-Qr.jpg\" alt=\"\"  srcset=\"https:\/\/www.radioluna.it\/news\/wp-content\/uploads\/2026\/03\/Redi-Qr.jpg 800w, https:\/\/www.radioluna.it\/news\/wp-content\/uploads\/2026\/03\/Redi-Qr-768x639.jpg 768w\" sizes=\"(max-width: 800px) 100vw, 800px\" width=\"300\" height=\"250\"   \/><\/a><\/div><\/div>","protected":false},"excerpt":{"rendered":"<p>SERMONETA &#8211;\u00a0 Sermoneta torna a essere palcoscenico mondiale dal 20 al 25 agosto per l\u2019ottava edizione del Festival internazionale \u201cSermoneta in folklore\u201d, che ospiter\u00e0 gruppi provenienti da vari paesi del mondo nel segno dello scambio culturale e della passione per la cultura tradizionale. La manifestazione \u00e8 organizzata dall&#8217;associazione Sbandieratori Ducato Caetani in collaborazione e con [&hellip;]<\/p>\n","protected":false},"author":60,"featured_media":358466,"comment_status":"open","ping_status":"open","sticky":false,"template":"","format":"gallery","meta":{"footnotes":""},"categories":[16,734],"tags":[],"class_list":["post-358465","post","type-post","status-publish","format-gallery","has-post-thumbnail","hentry","category-appuntamenti","category-evidenza","post_format-post-format-gallery"],"_links":{"self":[{"href":"https:\/\/www.radioluna.it\/news\/wp-json\/wp\/v2\/posts\/358465","targetHints":{"allow":["GET"]}}],"collection":[{"href":"https:\/\/www.radioluna.it\/news\/wp-json\/wp\/v2\/posts"}],"about":[{"href":"https:\/\/www.radioluna.it\/news\/wp-json\/wp\/v2\/types\/post"}],"author":[{"embeddable":true,"href":"https:\/\/www.radioluna.it\/news\/wp-json\/wp\/v2\/users\/60"}],"replies":[{"embeddable":true,"href":"https:\/\/www.radioluna.it\/news\/wp-json\/wp\/v2\/comments?post=358465"}],"version-history":[{"count":1,"href":"https:\/\/www.radioluna.it\/news\/wp-json\/wp\/v2\/posts\/358465\/revisions"}],"predecessor-version":[{"id":358470,"href":"https:\/\/www.radioluna.it\/news\/wp-json\/wp\/v2\/posts\/358465\/revisions\/358470"}],"wp:featuredmedia":[{"embeddable":true,"href":"https:\/\/www.radioluna.it\/news\/wp-json\/wp\/v2\/media\/358466"}],"wp:attachment":[{"href":"https:\/\/www.radioluna.it\/news\/wp-json\/wp\/v2\/media?parent=358465"}],"wp:term":[{"taxonomy":"category","embeddable":true,"href":"https:\/\/www.radioluna.it\/news\/wp-json\/wp\/v2\/categories?post=358465"},{"taxonomy":"post_tag","embeddable":true,"href":"https:\/\/www.radioluna.it\/news\/wp-json\/wp\/v2\/tags?post=358465"}],"curies":[{"name":"wp","href":"https:\/\/api.w.org\/{rel}","templated":true}]}}