{"id":358483,"date":"2024-08-19T09:47:51","date_gmt":"2024-08-19T07:47:51","guid":{"rendered":"https:\/\/www.radioluna.it\/news\/?p=358483"},"modified":"2024-08-19T09:47:51","modified_gmt":"2024-08-19T07:47:51","slug":"latina-serata-di-osservazione-a-prato-di-coppola-per-loccultazione-di-saturno-da-parte-della-luna","status":"publish","type":"post","link":"https:\/\/www.radioluna.it\/news\/2024\/08\/latina-serata-di-osservazione-a-prato-di-coppola-per-loccultazione-di-saturno-da-parte-della-luna\/","title":{"rendered":"Latina, serata di osservazione a Prato di Coppola per l&#8217;occultazione di Saturno da parte della luna"},"content":{"rendered":"<div id=\"fb-root\"><\/div>\n<p style=\"text-align: justify;\"><strong>LATINA &#8211;<\/strong> Arriva la &#8220;superluna&#8221; dello Storione che diventer\u00e0 piena quando in Italia saranno le 20.26 di luned\u00ec sera avvicinandosi al punto della sua orbita pi\u00f9 vicino alla Terra. Il fenomeno comincer\u00e0 stasera e sar\u00e0 visibile ancora domani (marted\u00ec).<\/p>\n<p style=\"text-align: justify;\">Per mercoled\u00ec 21 agosto invece, l\u2019Apa (associazione pontina di astronomia) ha organizzato nella sua sede di Prato di Coppola tra Latina e il Lido di Latina, un evento di osservazione dell\u2019occultazione del pianeta Saturno da parte della Luna, ovvero del passaggio del satellite terrestre davanti al pianeta.<br \/>\nL\u2019ingresso di Saturno sotto al disco lunare\u00a0 avverr\u00e0 alle ore 05:32 e l\u2019uscita dal bordo opposto \u00e8 prevista per le ore 06:34, con il chiarore del cielo per l\u2019alba imminente che non permetter\u00e0 di godere appieno dell\u2019avvenimento dell\u2019uscita -, spiegano gli esperti che metteranno a disposizione degli appassionati i propri telescopi e commenteranno il fenomeno.<\/p>\n<p>La partecipazione \u00e8 libera. <a href=\"https:\/\/astronomiapontina.it\/2024-occultazione-di-saturno-con-la-luna-mercoledi-21-agosto-2024-0500-osservatorio-apa-pizzeria-prato-di-coppola-latina\/\">Per info\u00a0 il sito di Astronomia Pontina.<\/a><\/p>\n","protected":false},"excerpt":{"rendered":"<p>LATINA &#8211; Arriva la &#8220;superluna&#8221; dello Storione che diventer\u00e0 piena quando in Italia saranno le 20.26 di luned\u00ec sera avvicinandosi al punto della sua orbita pi\u00f9 vicino alla Terra. Il fenomeno comincer\u00e0 stasera e sar\u00e0 visibile ancora domani (marted\u00ec). Per mercoled\u00ec 21 agosto invece, l\u2019Apa (associazione pontina di astronomia) ha organizzato nella sua sede di [&hellip;]<\/p>\n","protected":false},"author":62,"featured_media":358485,"comment_status":"open","ping_status":"open","sticky":false,"template":"","format":"standard","meta":{"footnotes":""},"categories":[16,734],"tags":[],"class_list":["post-358483","post","type-post","status-publish","format-standard","has-post-thumbnail","hentry","category-appuntamenti","category-evidenza"],"_links":{"self":[{"href":"https:\/\/www.radioluna.it\/news\/wp-json\/wp\/v2\/posts\/358483","targetHints":{"allow":["GET"]}}],"collection":[{"href":"https:\/\/www.radioluna.it\/news\/wp-json\/wp\/v2\/posts"}],"about":[{"href":"https:\/\/www.radioluna.it\/news\/wp-json\/wp\/v2\/types\/post"}],"author":[{"embeddable":true,"href":"https:\/\/www.radioluna.it\/news\/wp-json\/wp\/v2\/users\/62"}],"replies":[{"embeddable":true,"href":"https:\/\/www.radioluna.it\/news\/wp-json\/wp\/v2\/comments?post=358483"}],"version-history":[{"count":1,"href":"https:\/\/www.radioluna.it\/news\/wp-json\/wp\/v2\/posts\/358483\/revisions"}],"predecessor-version":[{"id":358486,"href":"https:\/\/www.radioluna.it\/news\/wp-json\/wp\/v2\/posts\/358483\/revisions\/358486"}],"wp:featuredmedia":[{"embeddable":true,"href":"https:\/\/www.radioluna.it\/news\/wp-json\/wp\/v2\/media\/358485"}],"wp:attachment":[{"href":"https:\/\/www.radioluna.it\/news\/wp-json\/wp\/v2\/media?parent=358483"}],"wp:term":[{"taxonomy":"category","embeddable":true,"href":"https:\/\/www.radioluna.it\/news\/wp-json\/wp\/v2\/categories?post=358483"},{"taxonomy":"post_tag","embeddable":true,"href":"https:\/\/www.radioluna.it\/news\/wp-json\/wp\/v2\/tags?post=358483"}],"curies":[{"name":"wp","href":"https:\/\/api.w.org\/{rel}","templated":true}]}}