{"id":358782,"date":"2024-08-23T12:05:09","date_gmt":"2024-08-23T10:05:09","guid":{"rendered":"https:\/\/www.radioluna.it\/news\/?p=358782"},"modified":"2024-08-23T12:05:09","modified_gmt":"2024-08-23T10:05:09","slug":"scauri-prepara-il-concerto-allalba-sul-monte-doro","status":"publish","type":"post","link":"https:\/\/www.radioluna.it\/news\/2024\/08\/scauri-prepara-il-concerto-allalba-sul-monte-doro\/","title":{"rendered":"Scauri prepara il concerto all&#8217;alba sul Monte d&#8217;Oro"},"content":{"rendered":"<div id=\"fb-root\"><\/div>\n<p style=\"text-align: justify;\"><b>SCAURI &#8211; <\/b>\u00a0Dopo il successo registrato lo scorso anno, ritorna il concerto all\u2019alba, in agenda domenica 25 agosto alla <a href=\"https:\/\/www.retedimorestorichelazio.it\/dimora\/lt\/minturno\/torre-di-scauri\/\">Torre di Scauri<\/a>, sul Monte d\u2019Oro nel Parco Regionale Riviera d&#8217;Ulisse, organizzato dal Comune di Minturno. Si esibir\u00e0 il musicista e cantautore Marco Viccaro Bucalone.<\/p>\n<p style=\"text-align: justify;\">Le indicazioni per partecipare, le ha fornite lo stesso sindaco Gerardo Stefanelli sui social, insieme ad alcune raccomandazioni. Le riassumiamo qui: \u00a0l&#8217;appuntamento \u00e8 alle 5,15 in piazzale darsena per chi volesse salire in compagnia sopra la Torre; chi ha problemi\u00a0 ad accedere autonomamente alla Torre ( disabili motori, anziani, persone con difficolt\u00e0 di deambulazione) potr\u00e0 usufruire dell\u2019assistenza della Protezione civile e dei gaurdiaparco; \u00e8 necessario indossare abbigliamento comodo per salire e anche per sedersi a terra; non \u00e8 previsto servizio ristoro ed \u00e8 obbligatorio portare via gli eventuali rifiuti prodotti.<\/p>\n<p style=\"text-align: justify;\">CHI E&#8217; &#8211; L&#8217;artista Marco Voccaro Bucalone \u00e8 stato\u00a0 vincitore di Sanremo Rock nel 2019 (categoria Trend), concorrente nel format televisivo X Factor in Romania, nel programma \u201cMezzogiorno in famiglia\u201d (su Rai 2), nel \u201cCelebrity The Talent Show\u201d (su Sky Vivo), partecipante all\u2019Umbria Jazz Clinics e a Sanremo Lab 2009.<\/p>\n<div class=\"radio-posizionamento-telefono-in-articoli-dopo-il-contenuto-articolo radio-entity-placement\" id=\"radio-2936503489\"><div id=\"radio-254605433\" style=\"width: 300px;height: 250px;\"><a href=\"https:\/\/www.icarspa.it\/auto\/usate\/latina\/\" aria-label=\"banner aprile icar new life &#8211; auto usate latina\"><img loading=\"lazy\" decoding=\"async\" src=\"https:\/\/www.radioluna.it\/news\/wp-content\/uploads\/2026\/02\/banner-aprile-icar-new-life-auto-usate-latina.gif\" alt=\"\"  width=\"300\" height=\"250\"   \/><\/a><\/div><\/div>","protected":false},"excerpt":{"rendered":"<p>SCAURI &#8211; \u00a0Dopo il successo registrato lo scorso anno, ritorna il concerto all\u2019alba, in agenda domenica 25 agosto alla Torre di Scauri, sul Monte d\u2019Oro nel Parco Regionale Riviera d&#8217;Ulisse, organizzato dal Comune di Minturno. Si esibir\u00e0 il musicista e cantautore Marco Viccaro Bucalone. Le indicazioni per partecipare, le ha fornite lo stesso sindaco Gerardo [&hellip;]<\/p>\n","protected":false},"author":62,"featured_media":358783,"comment_status":"open","ping_status":"open","sticky":false,"template":"","format":"standard","meta":{"footnotes":""},"categories":[16,734],"tags":[],"class_list":["post-358782","post","type-post","status-publish","format-standard","has-post-thumbnail","hentry","category-appuntamenti","category-evidenza"],"_links":{"self":[{"href":"https:\/\/www.radioluna.it\/news\/wp-json\/wp\/v2\/posts\/358782","targetHints":{"allow":["GET"]}}],"collection":[{"href":"https:\/\/www.radioluna.it\/news\/wp-json\/wp\/v2\/posts"}],"about":[{"href":"https:\/\/www.radioluna.it\/news\/wp-json\/wp\/v2\/types\/post"}],"author":[{"embeddable":true,"href":"https:\/\/www.radioluna.it\/news\/wp-json\/wp\/v2\/users\/62"}],"replies":[{"embeddable":true,"href":"https:\/\/www.radioluna.it\/news\/wp-json\/wp\/v2\/comments?post=358782"}],"version-history":[{"count":1,"href":"https:\/\/www.radioluna.it\/news\/wp-json\/wp\/v2\/posts\/358782\/revisions"}],"predecessor-version":[{"id":358784,"href":"https:\/\/www.radioluna.it\/news\/wp-json\/wp\/v2\/posts\/358782\/revisions\/358784"}],"wp:featuredmedia":[{"embeddable":true,"href":"https:\/\/www.radioluna.it\/news\/wp-json\/wp\/v2\/media\/358783"}],"wp:attachment":[{"href":"https:\/\/www.radioluna.it\/news\/wp-json\/wp\/v2\/media?parent=358782"}],"wp:term":[{"taxonomy":"category","embeddable":true,"href":"https:\/\/www.radioluna.it\/news\/wp-json\/wp\/v2\/categories?post=358782"},{"taxonomy":"post_tag","embeddable":true,"href":"https:\/\/www.radioluna.it\/news\/wp-json\/wp\/v2\/tags?post=358782"}],"curies":[{"name":"wp","href":"https:\/\/api.w.org\/{rel}","templated":true}]}}