{"id":358894,"date":"2024-08-27T10:51:58","date_gmt":"2024-08-27T08:51:58","guid":{"rendered":"https:\/\/www.radioluna.it\/news\/?p=358894"},"modified":"2024-08-28T14:24:13","modified_gmt":"2024-08-28T12:24:13","slug":"don-alessandro-coniglio-a-latina-racconta-il-conflitto-israelo-palestinese","status":"publish","type":"post","link":"https:\/\/www.radioluna.it\/news\/2024\/08\/don-alessandro-coniglio-a-latina-racconta-il-conflitto-israelo-palestinese\/","title":{"rendered":"Don Alessandro Coniglio a Latina racconta il conflitto israelo &#8211; palestinese"},"content":{"rendered":"<div id=\"fb-root\"><\/div>\n<p><strong>LATINA &#8211;<\/strong> Terr\u00e0 un incontro a Latina nella parrocchia di Santa Domitilla, Don Alessandro Coniglio, sacerdote originario di Latina da vent&#8217;anni impegnato in Terra Santa dove vive e insegna a Gerusalemme. Don Alessandro che ha partecipato al Rimini meeting tra i relatori, \u00e8 tornato a Latina per un periodo di riposo e ne approfitter\u00e0 per spiegare la situazione della conflitto israelo palestinese a chi vorr\u00e0 partecipare all&#8217;incontro in programma alle 21 di marted\u00ec 27 agosto presso la sala conferenze della parrocchia di Santa Domitilla.<\/p>\n<div class=\"radio-posizionamento-telefono-in-articoli-dopo-il-contenuto-articolo radio-entity-placement\" id=\"radio-920344655\"><div id=\"radio-1861836627\"><a href=\"https:\/\/www.simeoneceramiche.com\/\" aria-label=\"SIMEONE CERAMICHE GIF animata per radioluna_Tavola disegno 1 copia 2 (online-video-cutter.com)\"><img loading=\"lazy\" decoding=\"async\" src=\"https:\/\/www.radioluna.it\/news\/wp-content\/uploads\/2025\/05\/SIMEONE-CERAMICHE-GIF-animata-per-radioluna_Tavola-disegno-1-copia-2-online-video-cutter.com_.gif\" alt=\"\"  width=\"300\" height=\"250\"   \/><\/a><\/div><\/div>","protected":false},"excerpt":{"rendered":"<p>LATINA &#8211; Terr\u00e0 un incontro a Latina nella parrocchia di Santa Domitilla, Don Alessandro Coniglio, sacerdote originario di Latina da vent&#8217;anni impegnato in Terra Santa dove vive e insegna a Gerusalemme. Don Alessandro che ha partecipato al Rimini meeting tra i relatori, \u00e8 tornato a Latina per un periodo di riposo e ne approfitter\u00e0 per [&hellip;]<\/p>\n","protected":false},"author":60,"featured_media":0,"comment_status":"open","ping_status":"open","sticky":false,"template":"","format":"standard","meta":{"footnotes":""},"categories":[16],"tags":[],"class_list":["post-358894","post","type-post","status-publish","format-standard","hentry","category-appuntamenti"],"_links":{"self":[{"href":"https:\/\/www.radioluna.it\/news\/wp-json\/wp\/v2\/posts\/358894","targetHints":{"allow":["GET"]}}],"collection":[{"href":"https:\/\/www.radioluna.it\/news\/wp-json\/wp\/v2\/posts"}],"about":[{"href":"https:\/\/www.radioluna.it\/news\/wp-json\/wp\/v2\/types\/post"}],"author":[{"embeddable":true,"href":"https:\/\/www.radioluna.it\/news\/wp-json\/wp\/v2\/users\/60"}],"replies":[{"embeddable":true,"href":"https:\/\/www.radioluna.it\/news\/wp-json\/wp\/v2\/comments?post=358894"}],"version-history":[{"count":0,"href":"https:\/\/www.radioluna.it\/news\/wp-json\/wp\/v2\/posts\/358894\/revisions"}],"wp:attachment":[{"href":"https:\/\/www.radioluna.it\/news\/wp-json\/wp\/v2\/media?parent=358894"}],"wp:term":[{"taxonomy":"category","embeddable":true,"href":"https:\/\/www.radioluna.it\/news\/wp-json\/wp\/v2\/categories?post=358894"},{"taxonomy":"post_tag","embeddable":true,"href":"https:\/\/www.radioluna.it\/news\/wp-json\/wp\/v2\/tags?post=358894"}],"curies":[{"name":"wp","href":"https:\/\/api.w.org\/{rel}","templated":true}]}}