{"id":358928,"date":"2024-08-28T14:21:47","date_gmt":"2024-08-28T12:21:47","guid":{"rendered":"https:\/\/www.radioluna.it\/news\/?p=358928"},"modified":"2024-08-29T14:41:05","modified_gmt":"2024-08-29T12:41:05","slug":"mercatino-di-via-verdi-a-latina-pronto-lavviso-per-la-locazione-dellimmobile","status":"publish","type":"post","link":"https:\/\/www.radioluna.it\/news\/2024\/08\/mercatino-di-via-verdi-a-latina-pronto-lavviso-per-la-locazione-dellimmobile\/","title":{"rendered":"Mercatino di via Verdi a Latina, pronto l\u2019avviso per la locazione dell\u2019immobile"},"content":{"rendered":"<div id=\"fb-root\"><\/div>\n<p style=\"text-align: justify;\"><strong>LATINA &#8211;<\/strong> Il dipartimento Patrimonio e Demanio del Comune di Latina, dando seguito alla delibera di giunta numero 150 del 28 maggio scorso, ha predisposto la procedura ad evidenza pubblica per la locazione dell\u2019immobile denominato \u201cMercatino di via Verdi\u201d di propriet\u00e0 dell\u2019ente. Con l\u2019avviso, in pubblicazione, l\u2019amministrazione comunale intende concedere in locazione il complesso, comprensivo di parcheggi, composto da 26 box modulari in muratura, di circa 30 metri quadrati ciascuno, per un canone annuo a base d\u2019asta di 240.132,20 euro e per una durata ventennale.<\/p>\n<p style=\"text-align: justify;\">\u201cLo scopo \u2013 ha affermato l\u2019assessore al Patrimonio Ada Nasti \u2013 \u00e8 quello di valorizzare l\u2019immobile da troppo tempo in disuso, con conseguente degrado dell\u2019area. La procedura ad evidenza pubblica \u00e8 aperta a soggetti che si impegnano a valorizzare, attraverso una profonda ristrutturazione che, oltre a migliorare le prestazioni edilizie, strutturali ed impiantistiche, ne riqualifichi e rivaluti gli usi, nel rispetto dello strumento urbanistico vigente che qualifica l\u2019area a Servizi comuni. L\u2019aggiudicazione interverr\u00e0 in favore dell\u2019offerta economicamente pi\u00f9 vantaggiosa per l\u2019amministrazione comunale. Le offerte, che potranno pervenire entro e non oltre le ore 12 del 15 ottobre 2024, saranno valutate dalla commissione con punteggio massimo pari a 30 per la proposta progettuale e pari a 70 per l\u2019offerta economica\u201d.<\/p>\n<p style=\"text-align: justify;\">Il \u201cMercatino di via Verdi\u201d era stato oggetto nel 2022 di un precedente avviso pubblico finalizzato ad acquisire manifestazioni di interesse, precisando che sarebbe stata data priorit\u00e0 in termine di preferenza alla proposte provenienti da Enti pubblici o ad evidenza pubblica o di pubblica utilit\u00e0. La proposta progettuale ritenuta maggiormente rispondente alle finalit\u00e0 della manifestazione d\u2019interesse era risultata quella della Asl di Latina, intenzionata a riqualificazione gli ambienti al fine di offrire nuovi servizi sanitari utili alla collettivit\u00e0. Tuttavia a ottobre 2023, la stessa Asl aveva dichiarato di non essere pi\u00f9 interessata all\u2019acquisizione dell\u2019immobile.<br \/>\n\u201cLa nuova procedura \u2013 ha spiegato l\u2019assessore Nasti \u2013 amplia la possibilit\u00e0 di offerta, eliminando il termine di preferenza, pur mantenendo la destinazione urbanistica dell\u2019area a Servizi comuni\u201d.<\/p>\n<p style=\"text-align: justify;\">\u201cQuesta nuova procedura \u2013 ha affermato l\u2019assessore alle Attivit\u00e0 produttive Antonio Cosentino \u2013 risponde alla volont\u00e0 dell\u2019amministrazione comunale di gestire al meglio il patrimonio dell\u2019ente, eliminando le situazioni di degrado che si sono venute a creare nel tempo a causa del mancato utilizzo. Rivalorizzare e ristrutturare la sede del Mercatino di via Verdi significa andare a riqualificare un\u2019area centrale della citt\u00e0 e andare ad ampliare l\u2019offerta di servizi comuni rivolti alla collettivit\u00e0. Con questa iniziativa andiamo a rispondere a una duplice esigenza, quella dei cittadini di vedersi riappropriare di uno spazio a servizio pubblico e quella degli imprenditori che vogliono investire nel nostro territorio\u201d.<\/p>\n","protected":false},"excerpt":{"rendered":"<p>LATINA &#8211; Il dipartimento Patrimonio e Demanio del Comune di Latina, dando seguito alla delibera di giunta numero 150 del 28 maggio scorso, ha predisposto la procedura ad evidenza pubblica per la locazione dell\u2019immobile denominato \u201cMercatino di via Verdi\u201d di propriet\u00e0 dell\u2019ente. Con l\u2019avviso, in pubblicazione, l\u2019amministrazione comunale intende concedere in locazione il complesso, comprensivo [&hellip;]<\/p>\n","protected":false},"author":60,"featured_media":0,"comment_status":"open","ping_status":"open","sticky":false,"template":"","format":"standard","meta":{"footnotes":""},"categories":[8,2428],"tags":[],"class_list":["post-358928","post","type-post","status-publish","format-standard","hentry","category-politica","category-primo-piano"],"_links":{"self":[{"href":"https:\/\/www.radioluna.it\/news\/wp-json\/wp\/v2\/posts\/358928","targetHints":{"allow":["GET"]}}],"collection":[{"href":"https:\/\/www.radioluna.it\/news\/wp-json\/wp\/v2\/posts"}],"about":[{"href":"https:\/\/www.radioluna.it\/news\/wp-json\/wp\/v2\/types\/post"}],"author":[{"embeddable":true,"href":"https:\/\/www.radioluna.it\/news\/wp-json\/wp\/v2\/users\/60"}],"replies":[{"embeddable":true,"href":"https:\/\/www.radioluna.it\/news\/wp-json\/wp\/v2\/comments?post=358928"}],"version-history":[{"count":0,"href":"https:\/\/www.radioluna.it\/news\/wp-json\/wp\/v2\/posts\/358928\/revisions"}],"wp:attachment":[{"href":"https:\/\/www.radioluna.it\/news\/wp-json\/wp\/v2\/media?parent=358928"}],"wp:term":[{"taxonomy":"category","embeddable":true,"href":"https:\/\/www.radioluna.it\/news\/wp-json\/wp\/v2\/categories?post=358928"},{"taxonomy":"post_tag","embeddable":true,"href":"https:\/\/www.radioluna.it\/news\/wp-json\/wp\/v2\/tags?post=358928"}],"curies":[{"name":"wp","href":"https:\/\/api.w.org\/{rel}","templated":true}]}}