{"id":359082,"date":"2024-09-02T07:13:47","date_gmt":"2024-09-02T05:13:47","guid":{"rendered":"https:\/\/www.radioluna.it\/news\/?p=359082"},"modified":"2024-09-02T07:44:09","modified_gmt":"2024-09-02T05:44:09","slug":"cisterna-volley-il-centrale-jacopo-tosti-campione-del-mondo-under-17","status":"publish","type":"post","link":"https:\/\/www.radioluna.it\/news\/2024\/09\/cisterna-volley-il-centrale-jacopo-tosti-campione-del-mondo-under-17\/","title":{"rendered":"Cisterna Volley, il centrale Jacopo Tosti campione del mondo under 17"},"content":{"rendered":"<div id=\"fb-root\"><\/div>\n<p style=\"text-align: justify;\"><strong>SOFIA<\/strong> &#8211; C\u2019\u00e8 anche un po\u2019 di Cisterna Volley nell&#8217;oro mondiale Under 17. In Bulgaria si \u00e8 laureato infatti campione anche il centrale, Jacopo Tosti. Una grande soddisfazione per il Cisterna Volley e la Marino Pallavolo, nel progetto \u201cinsieme siamo pi\u00f9 forti\u201d che ha portato proprio Jacopo Tosti a misurarsi nel quotidiano con gli atleti di Superlega, proseguendo allo stesso tempo il suo percorso di crescita nel settore giovanile a Marino.\u00a0 Gli azzurrini di Luca Leoni hanno vinto in una finale combattuta fino all\u2019ultimo contro i pari et\u00e0 dell\u2019Argentina e Tosti ha concluso la competizione con ottimi numeri, dopo aver iniziato la sua estate agli Europei Under 18. Nello specifico sono stati 46 i punti realizzati dal centrale romano, (33 in attacco, 7 a muro, 6 al servizio), con il 50% di efficienza in attacco. La miglior partita dal punto di vista realizzativo \u00e8 stata contro Porto Rico, nel successo per 3-0 che ha visto Tosti realizzare 11 punti di cui 3 ace.<\/p>\n<p style=\"text-align: justify;\">\u201cNel giro di pochi giorni ho vissuto un\u2019altalena di emozioni &#8211; racconta il neo Campione del Mondo\u00a0 &#8211; Anche quando la finale sembrava persa alla fine dei primi due set, siamo riusciti a ritrovare il nostro gioco e vincere una partita combattuta. Come abbiamo dimostrato in tutto il torneo, siamo stati una squadra compatta, che sapeva soffrire e lottare su ogni pallone. L\u2019Argentina \u00e8 una grande squadra, ma siamo stati determinati e alla fine \u00e8 arrivata la vittoria. Dall\u2019ultimo punto in poi \u00e8 stato un turbinio di emozioni, \u00e8 un successo incredibile, ancora devo realizzare bene ci\u00f2 che \u00e8 successo. Abbiamo dimostrato ancora una volta di essere una squadra capace di superare ogni difficolt\u00e0\u201d.<\/p>\n<p style=\"text-align: justify;\">\u201cSe dovessi dire un pregio di questa squadra parlerei di determinazione &#8211; prosegue Tosti &#8211; Anche nei momenti pi\u00f9 cupi siamo riusciti a uscirne con voglia di vincere e far valere il nostro gioco. Dalla prima partita del girone non sono mancate le difficolt\u00e0, penso anche alla vittoria ai gironi con la stessa Argentina per 3-1. Con l\u2019Iran siamo riusciti a rimontare una partita che sembrava persa. Ci sono stati momenti in cui ci davano per spacciati in cui siamo riusciti a risollevarci e a portare a casa il risultato\u201d.<\/p>\n<p style=\"text-align: justify;\">L\u2019oro che indossa Tosti parte da lontano, con un percorso che lo ha visto protagonista prima nella Marino Pallavolo e poi con i campioni della Superlega a Cisterna, con l\u2019esperienza con l&#8217;Under 18 a precedere il torneo con i pari et\u00e0: &#8220;Questo successo \u00e8 dedicato a Stefano Vazzana e Francesco Ronsini, i miei due allenatori a Marino. Sono stati loro a lanciarmi in questo sport e ad allenarmi tutt\u2019ora. Questa medaglia la condivido con loro. La pallavolo giocata qui \u00e8 stata di alto livello, ma l\u2019anno scorso avendo la possibilit\u00e0 di allenarmi con il Cisterna Volley avevo gi\u00e0 avuto la possibilit\u00e0 di misurarmi su questi ritmi. Le dinamiche imparate a Cisterna le ho poi messe in campo in queste partite. L\u2019esperienza con l\u2019Under 18 infine, \u00e8 stata molto utile, mi ha permesso di imparare in fretta a gestire le emozioni in campo di una partita di respiro internazionale&#8221;.<\/p>\n<p style=\"text-align: justify;\">\n<div class=\"radio-posizionamento-telefono-in-articoli-dopo-il-contenuto-articolo radio-entity-placement\" id=\"radio-666867565\"><div id=\"radio-370181498\"><a href=\"https:\/\/grupporedi.it\/\" aria-label=\"Redi-Qr\"><img loading=\"lazy\" decoding=\"async\" src=\"https:\/\/www.radioluna.it\/news\/wp-content\/uploads\/2026\/03\/Redi-Qr.jpg\" alt=\"\"  srcset=\"https:\/\/www.radioluna.it\/news\/wp-content\/uploads\/2026\/03\/Redi-Qr.jpg 800w, https:\/\/www.radioluna.it\/news\/wp-content\/uploads\/2026\/03\/Redi-Qr-768x639.jpg 768w\" sizes=\"(max-width: 800px) 100vw, 800px\" width=\"300\" height=\"250\"   \/><\/a><\/div><\/div>","protected":false},"excerpt":{"rendered":"<p>SOFIA &#8211; C\u2019\u00e8 anche un po\u2019 di Cisterna Volley nell&#8217;oro mondiale Under 17. In Bulgaria si \u00e8 laureato infatti campione anche il centrale, Jacopo Tosti. Una grande soddisfazione per il Cisterna Volley e la Marino Pallavolo, nel progetto \u201cinsieme siamo pi\u00f9 forti\u201d che ha portato proprio Jacopo Tosti a misurarsi nel quotidiano con gli atleti [&hellip;]<\/p>\n","protected":false},"author":60,"featured_media":359083,"comment_status":"open","ping_status":"open","sticky":false,"template":"","format":"standard","meta":{"footnotes":""},"categories":[734,17],"tags":[],"class_list":["post-359082","post","type-post","status-publish","format-standard","has-post-thumbnail","hentry","category-evidenza","category-sport"],"_links":{"self":[{"href":"https:\/\/www.radioluna.it\/news\/wp-json\/wp\/v2\/posts\/359082","targetHints":{"allow":["GET"]}}],"collection":[{"href":"https:\/\/www.radioluna.it\/news\/wp-json\/wp\/v2\/posts"}],"about":[{"href":"https:\/\/www.radioluna.it\/news\/wp-json\/wp\/v2\/types\/post"}],"author":[{"embeddable":true,"href":"https:\/\/www.radioluna.it\/news\/wp-json\/wp\/v2\/users\/60"}],"replies":[{"embeddable":true,"href":"https:\/\/www.radioluna.it\/news\/wp-json\/wp\/v2\/comments?post=359082"}],"version-history":[{"count":5,"href":"https:\/\/www.radioluna.it\/news\/wp-json\/wp\/v2\/posts\/359082\/revisions"}],"predecessor-version":[{"id":359088,"href":"https:\/\/www.radioluna.it\/news\/wp-json\/wp\/v2\/posts\/359082\/revisions\/359088"}],"wp:featuredmedia":[{"embeddable":true,"href":"https:\/\/www.radioluna.it\/news\/wp-json\/wp\/v2\/media\/359083"}],"wp:attachment":[{"href":"https:\/\/www.radioluna.it\/news\/wp-json\/wp\/v2\/media?parent=359082"}],"wp:term":[{"taxonomy":"category","embeddable":true,"href":"https:\/\/www.radioluna.it\/news\/wp-json\/wp\/v2\/categories?post=359082"},{"taxonomy":"post_tag","embeddable":true,"href":"https:\/\/www.radioluna.it\/news\/wp-json\/wp\/v2\/tags?post=359082"}],"curies":[{"name":"wp","href":"https:\/\/api.w.org\/{rel}","templated":true}]}}