{"id":359158,"date":"2024-09-02T13:10:30","date_gmt":"2024-09-02T11:10:30","guid":{"rendered":"https:\/\/www.radioluna.it\/news\/?p=359158"},"modified":"2024-09-02T15:31:01","modified_gmt":"2024-09-02T13:31:01","slug":"tragedia-a-santi-cosma-e-damiano-muore-giovane-calciatore-del-citta-di-formia","status":"publish","type":"post","link":"https:\/\/www.radioluna.it\/news\/2024\/09\/tragedia-a-santi-cosma-e-damiano-muore-giovane-calciatore-del-citta-di-formia\/","title":{"rendered":"Tragedia a Santi Cosma e Damiano, muore giovane calciatore del Citt\u00e0 di Formia"},"content":{"rendered":"<div id=\"fb-root\"><\/div>\n<p style=\"text-align: justify;\"><strong><img loading=\"lazy\" decoding=\"async\" class=\"size-full wp-image-359159 alignleft\" src=\"https:\/\/www.radioluna.it\/news\/wp-content\/uploads\/2024\/09\/di-rienzo-e1725275003984.jpg\" alt=\"\" width=\"526\" height=\"473\" \/><\/strong><strong>FORMIA<\/strong> &#8211; Tragedia nel Sud Pontino dove \u00e8 scomparso un giovanissimo calciatore del Citt\u00e0 di Formia. E\u2019 stato lo stesso club ad annunciare la scomparsa di Emanuele Di Rienzo originario di Santi Cosma e Damiano dove viveva con la famiglia. In un post sui canali social si legge: &#8220;Ci lascia senza parole la drammatica notizia della morte del nostro giovane tesserato Frastornati, con commozione e infinito affetto ci stringiamo alla sua famiglia e a tutte le persone che hanno avuto la fortuna di conoscerlo. Ciao Manu, lasci un vuoto enorme&#8221;.<\/p>\n<p style=\"text-align: justify;\">Il ragazzo secondo quanto si apprende si \u00e8 tolto la vita. L&#8217;intera comunit\u00e0 \u00e8 in lutto. I funerali si terranno domani 3 settembre alle ore 10 nella Chiesa di S. Antonio a SS Cosma e Damiano.<\/p>\n<p style=\"text-align: justify;\">La societ\u00e0 sportiva in segno di lutto ha annullato l\u2019Open Day di oggi e le attivit\u00e0 del settore giovanile che resteranno sospese per i prossimi giorni: \u201cAnche i nostri canali social osserveranno un periodo di silenzio \u2013 annuncia il post\u00a0 &#8211; \u00a0ci fermiamo a pregare, a riflettere&#8221;.<\/p>\n<p style=\"text-align: justify;\">&#8220;Ragazzo perbene e atleta esemplare&#8221;, cos\u00ec definisce Emanuele la societ\u00e0 sportiva Insieme Formia per la quale aveva militato.<\/p>\n<div dir=\"auto\" style=\"text-align: justify;\">Alla tragica morte di Emanuele si accompagna in queste ore nella cittadina aurunca quella di\u00a0 uno stimato imprenditore, Francesco Lungo che si \u00e8 tolto la vita a 48 anni.<\/div>\n","protected":false},"excerpt":{"rendered":"<p>FORMIA &#8211; Tragedia nel Sud Pontino dove \u00e8 scomparso un giovanissimo calciatore del Citt\u00e0 di Formia. E\u2019 stato lo stesso club ad annunciare la scomparsa di Emanuele Di Rienzo originario di Santi Cosma e Damiano dove viveva con la famiglia. In un post sui canali social si legge: &#8220;Ci lascia senza parole la drammatica notizia [&hellip;]<\/p>\n","protected":false},"author":62,"featured_media":359159,"comment_status":"open","ping_status":"open","sticky":false,"template":"","format":"standard","meta":{"footnotes":""},"categories":[7,2428],"tags":[],"class_list":["post-359158","post","type-post","status-publish","format-standard","has-post-thumbnail","hentry","category-cronaca","category-primo-piano"],"_links":{"self":[{"href":"https:\/\/www.radioluna.it\/news\/wp-json\/wp\/v2\/posts\/359158","targetHints":{"allow":["GET"]}}],"collection":[{"href":"https:\/\/www.radioluna.it\/news\/wp-json\/wp\/v2\/posts"}],"about":[{"href":"https:\/\/www.radioluna.it\/news\/wp-json\/wp\/v2\/types\/post"}],"author":[{"embeddable":true,"href":"https:\/\/www.radioluna.it\/news\/wp-json\/wp\/v2\/users\/62"}],"replies":[{"embeddable":true,"href":"https:\/\/www.radioluna.it\/news\/wp-json\/wp\/v2\/comments?post=359158"}],"version-history":[{"count":6,"href":"https:\/\/www.radioluna.it\/news\/wp-json\/wp\/v2\/posts\/359158\/revisions"}],"predecessor-version":[{"id":359165,"href":"https:\/\/www.radioluna.it\/news\/wp-json\/wp\/v2\/posts\/359158\/revisions\/359165"}],"wp:featuredmedia":[{"embeddable":true,"href":"https:\/\/www.radioluna.it\/news\/wp-json\/wp\/v2\/media\/359159"}],"wp:attachment":[{"href":"https:\/\/www.radioluna.it\/news\/wp-json\/wp\/v2\/media?parent=359158"}],"wp:term":[{"taxonomy":"category","embeddable":true,"href":"https:\/\/www.radioluna.it\/news\/wp-json\/wp\/v2\/categories?post=359158"},{"taxonomy":"post_tag","embeddable":true,"href":"https:\/\/www.radioluna.it\/news\/wp-json\/wp\/v2\/tags?post=359158"}],"curies":[{"name":"wp","href":"https:\/\/api.w.org\/{rel}","templated":true}]}}