{"id":359167,"date":"2024-09-02T13:42:06","date_gmt":"2024-09-02T11:42:06","guid":{"rendered":"https:\/\/www.radioluna.it\/news\/?p=359167"},"modified":"2024-09-02T13:42:06","modified_gmt":"2024-09-02T11:42:06","slug":"centro-storico-approvato-il-progetto-di-riqualificazione-dellisola-pedonale-di-latina","status":"publish","type":"post","link":"https:\/\/www.radioluna.it\/news\/2024\/09\/centro-storico-approvato-il-progetto-di-riqualificazione-dellisola-pedonale-di-latina\/","title":{"rendered":"Centro storico, approvato il progetto di riqualificazione dell\u2019isola pedonale di Latina"},"content":{"rendered":"<div id=\"fb-root\"><\/div>\n<p style=\"text-align: justify;\"><strong>LATINA<\/strong> &#8211; E&#8217; stato approvato oggi dalla giunta comunale il progetto di riqualificazione dell&#8217;isola pedonale. Su indirizzo dell\u2019assessore all\u2019Urbanistica Annalisa Muzio, \u00e8 arrivato il s\u00ec all&#8217; elaborato, redatto dall\u2019architetta comunale Patrizia Marchetto, con il supporto esterno della collega Teresa Alvino.<\/p>\n<p style=\"text-align: justify;\">&#8220;Il progetto approvato\u00a0 &#8211; si legge in\u00a0 una nota &#8211; punta a creare un ambiente accogliente e attraente per i pedoni, offrendo esperienze e servizi di qualit\u00e0, trasformando le strade in spazi di incontro, di scoperta e di convivialit\u00e0. Nello specifico, \u00e8 prevista l\u2019installazione di fioriere e sedute in pietra, costituite da moduli componibili che si sovrappongono all\u2019attuale pavimentazione, senza esecuzione di opere murarie, al fine di arricchire lo spazio urbano. Gli elementi principali saranno completati da dettagli di arredo, totem informativi, cestini per i rifiuti, e arricchiti da alberature di essenze autoctone. Molto caratterizzanti saranno l\u2019illuminazione al led e interventi di rifacimento dell\u2019asfalto, anche finalizzati alla creazione di percorsi tattili per ipovedenti&#8221;.<\/p>\n<p style=\"text-align: justify;\">\u201cLa realizzazione di questo progetto \u2013 dichiara la sindaca Celentano \u2013 consentir\u00e0 di dare una risposta alle esigenze dei cittadini e dei commercianti a medio termine, nell\u2019ottica di una riqualificazione generale del cuore della citt\u00e0 che passa per il nuovo strumento di pianificazione, per il quale sono gi\u00e0 al lavoro i tecnici incaricati, tra cui l\u2019architetto di fama internazionale Alfonso Femia, e per i nuovi investimenti del polo pontino della Sapienza universit\u00e0 di Roma a cui abbiamo affidato due immobili importanti. Il progetto approvato oggi \u2013 ha precisato il sindaco \u2013 consentir\u00e0 di effettuare un restyling al fine di costruire una visione a medio termine orientata a guidare, anticipandole e verificandole, le future scelte per il centro storico. Per la prima volta il centro storico di Latina sar\u00e0 dotato di percorsi facilitatori per i non vedenti e di particolari accorgimenti ergonomici a favore delle persone con disabilit\u00e0. Sono molto orgogliosa di queste soluzioni inclusive. La delibera di oggi \u00e8 il frutto di scelte condivise dall\u2019intera maggioranza\u201d.<\/p>\n<p style=\"text-align: justify;\">\u201cTutto l\u2019intervento \u2013 ha aggiunto l\u2019assessora Muzio \u2013 \u00e8 caratterizzato da sostenibilit\u00e0 e reversibilit\u00e0. Mi piace citare il titolo di questo progetto, ovvero \u2018Latina, le radici del rinnovamento\u2019. Il concept progettuale si base sullo studio degli assi dei progetti originari di Frezzotti e intende rinnovare lo spazio urbano (da qui il rinnovamento) partendo dalla memoria della bonifica e del tema dell\u2019acqua (le radici, appunto). Questa visione \u2018le radici del rinnovamento\u2019 \u00e8 conforme alle ipotesi gi\u00e0 avanzate per la pianificazione urbanistica del centro storico e che avranno ricadute a lungo termine, con la programmazione degli interventi per il Centenario. Lo spirito \u00e8 quello di rendere accogliente, fruibile e attrattivo il nostro centro in modo da rivitalizzarlo, lasciando anche spazio alla possibilit\u00e0 di realizzare eventi e manifestazioni in modo ordinato e accattivante. Ringrazio per il certosino lavoro svolto gli uffici, ed in particolare gli architetti Patrizia Marchetto e Antonio Campagna e l\u2019architetto Teresa Alvino di supporto al Rup\u201d.<\/p>\n","protected":false},"excerpt":{"rendered":"<p>LATINA &#8211; E&#8217; stato approvato oggi dalla giunta comunale il progetto di riqualificazione dell&#8217;isola pedonale. Su indirizzo dell\u2019assessore all\u2019Urbanistica Annalisa Muzio, \u00e8 arrivato il s\u00ec all&#8217; elaborato, redatto dall\u2019architetta comunale Patrizia Marchetto, con il supporto esterno della collega Teresa Alvino. &#8220;Il progetto approvato\u00a0 &#8211; si legge in\u00a0 una nota &#8211; punta a creare un ambiente [&hellip;]<\/p>\n","protected":false},"author":60,"featured_media":359168,"comment_status":"open","ping_status":"open","sticky":false,"template":"","format":"standard","meta":{"footnotes":""},"categories":[735,8],"tags":[],"class_list":["post-359167","post","type-post","status-publish","format-standard","has-post-thumbnail","hentry","category-attualita","category-politica"],"_links":{"self":[{"href":"https:\/\/www.radioluna.it\/news\/wp-json\/wp\/v2\/posts\/359167","targetHints":{"allow":["GET"]}}],"collection":[{"href":"https:\/\/www.radioluna.it\/news\/wp-json\/wp\/v2\/posts"}],"about":[{"href":"https:\/\/www.radioluna.it\/news\/wp-json\/wp\/v2\/types\/post"}],"author":[{"embeddable":true,"href":"https:\/\/www.radioluna.it\/news\/wp-json\/wp\/v2\/users\/60"}],"replies":[{"embeddable":true,"href":"https:\/\/www.radioluna.it\/news\/wp-json\/wp\/v2\/comments?post=359167"}],"version-history":[{"count":2,"href":"https:\/\/www.radioluna.it\/news\/wp-json\/wp\/v2\/posts\/359167\/revisions"}],"predecessor-version":[{"id":359170,"href":"https:\/\/www.radioluna.it\/news\/wp-json\/wp\/v2\/posts\/359167\/revisions\/359170"}],"wp:featuredmedia":[{"embeddable":true,"href":"https:\/\/www.radioluna.it\/news\/wp-json\/wp\/v2\/media\/359168"}],"wp:attachment":[{"href":"https:\/\/www.radioluna.it\/news\/wp-json\/wp\/v2\/media?parent=359167"}],"wp:term":[{"taxonomy":"category","embeddable":true,"href":"https:\/\/www.radioluna.it\/news\/wp-json\/wp\/v2\/categories?post=359167"},{"taxonomy":"post_tag","embeddable":true,"href":"https:\/\/www.radioluna.it\/news\/wp-json\/wp\/v2\/tags?post=359167"}],"curies":[{"name":"wp","href":"https:\/\/api.w.org\/{rel}","templated":true}]}}