{"id":359205,"date":"2024-09-03T10:02:49","date_gmt":"2024-09-03T08:02:49","guid":{"rendered":"https:\/\/www.radioluna.it\/news\/?p=359205"},"modified":"2024-09-03T10:02:49","modified_gmt":"2024-09-03T08:02:49","slug":"giro-dellagro-pontino-si-riparte-da-sezze-col-team-nardecchia-montini","status":"publish","type":"post","link":"https:\/\/www.radioluna.it\/news\/2024\/09\/giro-dellagro-pontino-si-riparte-da-sezze-col-team-nardecchia-montini\/","title":{"rendered":"Giro dell&#8217;Agro Pontino, si riparte da Sezze col Team Nardecchia Montini"},"content":{"rendered":"<div id=\"fb-root\"><\/div>\n<p style=\"text-align: justify;\"><strong>SEZZE<\/strong> &#8211; Dopo la pausa estiva riprende il &#8220;Giro dell&#8217;Agro Pontino&#8221; Opes, con la quattordicesima tappa di calendario in programma per domenica 8 settembre 2024. Sotto l&#8217;organizzazione del Team Nardecchia Montini \u00e8 in arrivo a Sezze il 5\u00b0 Memorial Gianfranco e Angelo Luccone in avvio alle ore 9.<\/p>\n<p style=\"text-align: justify;\">&#8220;Siamo pronti per la riapertura del circuito dopo la pausa estiva con una seconda parte della stagione che ha ancora in serbo tante gare e si preannuncia molto divertente e scoppiettante &#8211; commenta la Commissione Ciclistica Opes &#8211;\u00a0 Si riparte con la tappa numero quattordici, gara molto selettiva per scalatori puri con un arrivo veramente impegnativo che metter\u00e0 a dura prova la tenuta atletica dei ciclisti in gara. Ormai diventata una classica del mese di settembre, la gara del Team Nardecchia Montini \u00e8 sempre ben organizzata dal gruppo setino che tiene a far le cose per bene con i suoi due alfieri Stefano Montini e Cristian\u00a0Nardecchia&#8221;.<\/p>\n<p style=\"text-align: justify;\">Il ritrovo \u00e8 presso via dei Cappuccini, 2 presso il Bar Klada Caff\u00e8 alle ore 7 e si partir\u00e0 con tratto turistico che toccher\u00e0 via variante, via Bassiano, via Nuova, Corso della Repubblica fino al distributore Agip Silla Sr 156 Var e poi partenza ufficiale su Sr 156 var via Monti Lepini direzione Latina, via Del Murillo, via Degli Archi. Circuito da ripetere sei volte ed alla fine dei 6 giri si svolta a sx su Corso della Repubblica, via Nuova, via Bassiano, via Monticello, via Dei Cappuccini. Saranno sei giri\u00a0su anello pianeggiante e poi arrivo in paese per un totale di circa 80 km.<\/p>\n<p style=\"text-align: justify;\">Per non perdere tutti gli sviluppi di gara \u00e8 possibile seguire i canali social dedicati al Giro dell\u2019Agro Pontino su opeslatina.it,\u00a0su facebook ed instagram Opes Latina\u00a0e Giro dell\u2019Agro Pontino. Per maggiori informazioni scrivere a ilgirodellagropontino@gmail.com.<\/p>\n<div class=\"radio-posizionamento-telefono-in-articoli-dopo-il-contenuto-articolo radio-entity-placement\" id=\"radio-1850981105\"><div id=\"radio-742561494\"><a href=\"https:\/\/grupporedi.it\/\" aria-label=\"Redi-Qr\"><img loading=\"lazy\" decoding=\"async\" src=\"https:\/\/www.radioluna.it\/news\/wp-content\/uploads\/2026\/03\/Redi-Qr.jpg\" alt=\"\"  srcset=\"https:\/\/www.radioluna.it\/news\/wp-content\/uploads\/2026\/03\/Redi-Qr.jpg 800w, https:\/\/www.radioluna.it\/news\/wp-content\/uploads\/2026\/03\/Redi-Qr-768x639.jpg 768w\" sizes=\"(max-width: 800px) 100vw, 800px\" width=\"300\" height=\"250\"   \/><\/a><\/div><\/div>","protected":false},"excerpt":{"rendered":"<p>SEZZE &#8211; Dopo la pausa estiva riprende il &#8220;Giro dell&#8217;Agro Pontino&#8221; Opes, con la quattordicesima tappa di calendario in programma per domenica 8 settembre 2024. Sotto l&#8217;organizzazione del Team Nardecchia Montini \u00e8 in arrivo a Sezze il 5\u00b0 Memorial Gianfranco e Angelo Luccone in avvio alle ore 9. &#8220;Siamo pronti per la riapertura del circuito [&hellip;]<\/p>\n","protected":false},"author":5430,"featured_media":0,"comment_status":"open","ping_status":"open","sticky":false,"template":"","format":"standard","meta":{"footnotes":""},"categories":[734,17],"tags":[],"class_list":["post-359205","post","type-post","status-publish","format-standard","hentry","category-evidenza","category-sport"],"_links":{"self":[{"href":"https:\/\/www.radioluna.it\/news\/wp-json\/wp\/v2\/posts\/359205","targetHints":{"allow":["GET"]}}],"collection":[{"href":"https:\/\/www.radioluna.it\/news\/wp-json\/wp\/v2\/posts"}],"about":[{"href":"https:\/\/www.radioluna.it\/news\/wp-json\/wp\/v2\/types\/post"}],"author":[{"embeddable":true,"href":"https:\/\/www.radioluna.it\/news\/wp-json\/wp\/v2\/users\/5430"}],"replies":[{"embeddable":true,"href":"https:\/\/www.radioluna.it\/news\/wp-json\/wp\/v2\/comments?post=359205"}],"version-history":[{"count":0,"href":"https:\/\/www.radioluna.it\/news\/wp-json\/wp\/v2\/posts\/359205\/revisions"}],"wp:attachment":[{"href":"https:\/\/www.radioluna.it\/news\/wp-json\/wp\/v2\/media?parent=359205"}],"wp:term":[{"taxonomy":"category","embeddable":true,"href":"https:\/\/www.radioluna.it\/news\/wp-json\/wp\/v2\/categories?post=359205"},{"taxonomy":"post_tag","embeddable":true,"href":"https:\/\/www.radioluna.it\/news\/wp-json\/wp\/v2\/tags?post=359205"}],"curies":[{"name":"wp","href":"https:\/\/api.w.org\/{rel}","templated":true}]}}