{"id":359283,"date":"2024-09-04T08:45:57","date_gmt":"2024-09-04T06:45:57","guid":{"rendered":"https:\/\/www.radioluna.it\/news\/?p=359283"},"modified":"2024-09-04T08:39:02","modified_gmt":"2024-09-04T06:39:02","slug":"latina-piano-regolatore-generale-via-alle-procedure-per-ladeguamento-al-ptpr","status":"publish","type":"post","link":"https:\/\/www.radioluna.it\/news\/2024\/09\/latina-piano-regolatore-generale-via-alle-procedure-per-ladeguamento-al-ptpr\/","title":{"rendered":"Latina, piano regolatore generale, via alle procedure per l\u2019adeguamento al Ptpr"},"content":{"rendered":"<div id=\"fb-root\"><\/div>\n<p style=\"text-align: justify;\"><strong>LATINA\u00a0<\/strong> &#8211; Dopo il via libera della giunta comunale di Latina alle procedure per l\u2019adeguamento del Piano regolatore Generale al Paino paesaggistico regionale del Lazio, il dipartimento di Urbanistica del Comune di Latina ha impegnato le somme necessarie all\u2019affidamento dell&#8217; incarico finalizzato all&#8217;\u2019adeguamento e alla conformazione tra i due strumenti.<\/p>\n<p style=\"text-align: justify;\">\u201cLa determinazione del dirigente Paolo Cestra \u2013 ha affermato l\u2019assessore all\u2019Urbanistica Annalisa Muzio &#8211; consente al Comune di Latina di coordinare gli strumenti programmatici al fine di renderli interconnessi e funzionali. L\u2019incarico tecnico che andremo ad affidare \u00e8 finalizzato all\u2019adeguamento del nostro Prg al Ptpr e si svolge in due fasi: la prima, oggetto della determinazione, concerne lo studio e l\u2019analisi preliminare e propedeutico dello stato attuale e delle sue evoluzioni, partendo dalla pianificazione vigente fino alla verifica degli obiettivi generali futuri. Fondamentale sar\u00e0 la verifica dello stato di attuazione degli strumenti di pianificazione vigenti, motivo per il quale la procedura di adeguamento risulta finanche vitale per la futura pianificazione urbanistica della nostra citt\u00e0, come i piani particolareggiati in corso di revisione, del piano esigenziale degli impianti sportivi e delle relative varianti\u201d.<\/p>\n<p style=\"text-align: justify;\">\u201cStiamo seguendo pedissequamente il crono-programma che questo assessorato si \u00e8 posto sin dal primo giorno del suo insediamento, insieme agli ufficio e al dirigente, e con particolare attenzione all\u2019adeguamento dei nostri strumenti urbanistici che \u00e8 previsto per legge e che finalmente ci consentir\u00e0 di poter ambire ad una pianificazione urbanistica seria e rispondente alle necessit\u00e0 di sviluppo della nostra citt\u00e0. Ringrazio il dirigente Cestra per il\u00a0lavoro\u00a0svolto\u201d, ha concluso l&#8217;assessore Muzio.<\/p>\n","protected":false},"excerpt":{"rendered":"<p>LATINA\u00a0 &#8211; Dopo il via libera della giunta comunale di Latina alle procedure per l\u2019adeguamento del Piano regolatore Generale al Paino paesaggistico regionale del Lazio, il dipartimento di Urbanistica del Comune di Latina ha impegnato le somme necessarie all\u2019affidamento dell&#8217; incarico finalizzato all&#8217;\u2019adeguamento e alla conformazione tra i due strumenti. \u201cLa determinazione del dirigente Paolo [&hellip;]<\/p>\n","protected":false},"author":60,"featured_media":0,"comment_status":"open","ping_status":"open","sticky":false,"template":"","format":"standard","meta":{"footnotes":""},"categories":[8],"tags":[],"class_list":["post-359283","post","type-post","status-publish","format-standard","hentry","category-politica"],"_links":{"self":[{"href":"https:\/\/www.radioluna.it\/news\/wp-json\/wp\/v2\/posts\/359283","targetHints":{"allow":["GET"]}}],"collection":[{"href":"https:\/\/www.radioluna.it\/news\/wp-json\/wp\/v2\/posts"}],"about":[{"href":"https:\/\/www.radioluna.it\/news\/wp-json\/wp\/v2\/types\/post"}],"author":[{"embeddable":true,"href":"https:\/\/www.radioluna.it\/news\/wp-json\/wp\/v2\/users\/60"}],"replies":[{"embeddable":true,"href":"https:\/\/www.radioluna.it\/news\/wp-json\/wp\/v2\/comments?post=359283"}],"version-history":[{"count":1,"href":"https:\/\/www.radioluna.it\/news\/wp-json\/wp\/v2\/posts\/359283\/revisions"}],"predecessor-version":[{"id":359284,"href":"https:\/\/www.radioluna.it\/news\/wp-json\/wp\/v2\/posts\/359283\/revisions\/359284"}],"wp:attachment":[{"href":"https:\/\/www.radioluna.it\/news\/wp-json\/wp\/v2\/media?parent=359283"}],"wp:term":[{"taxonomy":"category","embeddable":true,"href":"https:\/\/www.radioluna.it\/news\/wp-json\/wp\/v2\/categories?post=359283"},{"taxonomy":"post_tag","embeddable":true,"href":"https:\/\/www.radioluna.it\/news\/wp-json\/wp\/v2\/tags?post=359283"}],"curies":[{"name":"wp","href":"https:\/\/api.w.org\/{rel}","templated":true}]}}