{"id":359355,"date":"2024-09-04T15:51:51","date_gmt":"2024-09-04T13:51:51","guid":{"rendered":"https:\/\/www.radioluna.it\/news\/?p=359355"},"modified":"2024-09-04T15:51:51","modified_gmt":"2024-09-04T13:51:51","slug":"ppe-di-borgo-sabotino-presentata-la-variante-in-commissione-urbanistica","status":"publish","type":"post","link":"https:\/\/www.radioluna.it\/news\/2024\/09\/ppe-di-borgo-sabotino-presentata-la-variante-in-commissione-urbanistica\/","title":{"rendered":"Ppe di Borgo Sabotino, presentata la variante in commissione Urbanistica"},"content":{"rendered":"<div id=\"fb-root\"><\/div>\n<p style=\"text-align: justify;\"><strong>LATINA &#8211;<\/strong> L\u2019assessore Annalisa Muzio e i tecnici del Comune hanno illustrato oggi, durante la commissione Urbanistica presieduta dal consigliere Roberto Belvisi, l\u2019aggiornamento in variante del Ppe di Borgo Sabotino redatto dagli architetti Giuseppe Bove e Silvano Manzon. Il lavoro, concluso in questi mesi dopo una lunga gestazione iniziata con l\u2019incarico ai professionisti nel 2013, ha cos\u00ec iniziato il proprio iter per poter approdare in Consiglio comunale previa l\u2019acquisizione di tutti i pareri necessari.<\/p>\n<p style=\"text-align: justify;\">\u201cIl borgo \u2013 dichiara Annalisa Muzio \u2013 rappresenta un importante nodo di collegamento tra Roma e la marina di Latina, oltre che per Borgo Grappa e per le numerosi lottizzazioni del litorale fino a San Felice Circeo. I punti di forza individuati riguardano la vicinanza del mare, la presenza di principali strade, di migliaia di abitanti e di edifici storici, la vicinanza al Parco Nazionale del Circeo, la presenza di attivit\u00e0 agricole, turistiche e marittime e di un incremento della popolazione durante la stagione estiva. Questa analisi ci ha spinto a pensare che la variante andr\u00e0 nella direzione del raggiungimento di alcuni obiettivi fondamentali ed essenziali per un positivo e corretto sviluppo del borgo: valorizzazione degli edifici storici esistenti, creazione di aree di aggregazione, tutela dell\u2019ambiente, del verde pubblico e pubblico attrezzato e potenziamento della cultura, delle attivit\u00e0 sportive, dei servizi pubblici e delle vie di trasporto\u201d.<\/p>\n<p style=\"text-align: justify;\">Il vigente Ppe di Borgo Sabotino risale al 1985 e necessit\u00e0 di una revisione soprattutto a causa della mancata esistenza di un vero centro urbano e della modesta realizzazione di aree verdi attrezzate. \u201cPer superare le criticit\u00e0 \u2013 continua l\u2019assessore Muzio \u2013 sar\u00e0 necessaria la riqualificazione strutturale, culturale e di relazioni sociali del borgo, nonch\u00e9 la creazione di aree attrezzate a parcheggio in centro per una migliore fruizione di spazi urbani esistenti e di progetto. Inoltre sar\u00e0 necessaria la creazione di un polo per le attivit\u00e0 sportive. Sar\u00e0 prioritario lo spostamento del campo di calcio dall\u2019attuale sede alla sede prevista dal vigente Ppe e confermata nella proposta di variante, sull\u2019area che \u00e8 gi\u00e0 di propriet\u00e0 comunale. Fondamentale nella proposta di variante \u00e8 anche il completamento e l\u2019allargamento di via Borretti finalizzato alla realizzazione della piazza in pieno centro urbano, cos\u00ec come la realizzazione della piazza e la ristrutturazione dell\u2019area verde comprendente l\u2019edificio storico gi\u00e0 destinato alle suore, la scuola dell\u2019infanzia e il monumento ai Caduti. Infine, un\u2019altra priorit\u00e0 riguarda il prolungamento di via Bortolotti fino al raggiungimento di via Massaro e la realizzazione delle piste ciclabili, oltre alla ridistribuzione e riorganizzazione dei servizi comunali e al completamento della viabilit\u00e0, dei parcheggi e delle reti dei sottoservizi. Questa proposta di variante \u2013 conclude l\u2019assessore \u2013 \u00e8 nel suo contenuto in linea e armonizzata con gli indirizzi che l\u2019amministrazione Celentano ha dato per l\u2019aggiornamento complessivo dei Ppe della Marina e di Borgo Grappa nel contesto di un lavoro armonico che sar\u00e0 coordinato nel suo insieme. Un sentito ringraziamento al dirigente Cestra, all\u2019architetto Cappiello e ai progettisti incaricati Bove e Manzan, ma anche a tutta la commissione urbanistica che sta lavorando con ritmi serrati per addivenire alla revisione dei piani particolareggiati\u201d.<\/p>\n","protected":false},"excerpt":{"rendered":"<p>LATINA &#8211; L\u2019assessore Annalisa Muzio e i tecnici del Comune hanno illustrato oggi, durante la commissione Urbanistica presieduta dal consigliere Roberto Belvisi, l\u2019aggiornamento in variante del Ppe di Borgo Sabotino redatto dagli architetti Giuseppe Bove e Silvano Manzon. Il lavoro, concluso in questi mesi dopo una lunga gestazione iniziata con l\u2019incarico ai professionisti nel 2013, [&hellip;]<\/p>\n","protected":false},"author":60,"featured_media":0,"comment_status":"open","ping_status":"open","sticky":false,"template":"","format":"standard","meta":{"footnotes":""},"categories":[735,8],"tags":[],"class_list":["post-359355","post","type-post","status-publish","format-standard","hentry","category-attualita","category-politica"],"_links":{"self":[{"href":"https:\/\/www.radioluna.it\/news\/wp-json\/wp\/v2\/posts\/359355","targetHints":{"allow":["GET"]}}],"collection":[{"href":"https:\/\/www.radioluna.it\/news\/wp-json\/wp\/v2\/posts"}],"about":[{"href":"https:\/\/www.radioluna.it\/news\/wp-json\/wp\/v2\/types\/post"}],"author":[{"embeddable":true,"href":"https:\/\/www.radioluna.it\/news\/wp-json\/wp\/v2\/users\/60"}],"replies":[{"embeddable":true,"href":"https:\/\/www.radioluna.it\/news\/wp-json\/wp\/v2\/comments?post=359355"}],"version-history":[{"count":0,"href":"https:\/\/www.radioluna.it\/news\/wp-json\/wp\/v2\/posts\/359355\/revisions"}],"wp:attachment":[{"href":"https:\/\/www.radioluna.it\/news\/wp-json\/wp\/v2\/media?parent=359355"}],"wp:term":[{"taxonomy":"category","embeddable":true,"href":"https:\/\/www.radioluna.it\/news\/wp-json\/wp\/v2\/categories?post=359355"},{"taxonomy":"post_tag","embeddable":true,"href":"https:\/\/www.radioluna.it\/news\/wp-json\/wp\/v2\/tags?post=359355"}],"curies":[{"name":"wp","href":"https:\/\/api.w.org\/{rel}","templated":true}]}}