{"id":359552,"date":"2024-09-06T10:28:09","date_gmt":"2024-09-06T08:28:09","guid":{"rendered":"https:\/\/www.radioluna.it\/news\/?p=359552"},"modified":"2024-09-06T10:28:09","modified_gmt":"2024-09-06T08:28:09","slug":"presentazione-a-priverno-per-il-saggio-di-licia-pastore-fernando-bassoli-primo-sindaco-di-latina","status":"publish","type":"post","link":"https:\/\/www.radioluna.it\/news\/2024\/09\/presentazione-a-priverno-per-il-saggio-di-licia-pastore-fernando-bassoli-primo-sindaco-di-latina\/","title":{"rendered":"Presentazione a Priverno per il saggio di Licia Pastore &#8220;Fernando Bassoli, primo sindaco di Latina&#8221;"},"content":{"rendered":"<div id=\"fb-root\"><\/div>\n<p style=\"text-align: justify;\"><strong>PRIVERNO<\/strong>\u00a0 &#8211; Sar\u00e0 presentato a Priverno sabato 7 settembre alle 17,30 il saggio di Licia Pastore &#8220;Fernando Bassoli. Primo sindaco della citt\u00e0 di Latina &#8220;, edito da Atlantide editore,\u00a0 casa editrice di Latina diretta da Dario Petti. Un lavoro di ricostruzione, attraverso documenti d\u2019archivio e testimonianze, che ripercorre la vicenda personale e politica di Bassoli &#8220;fattore d\u2019equilibrio per superare le tensioni tra i partiti nell\u2019 immediato dopoguerra e dopo la Liberazione&#8221; di Latina.<\/p>\n<p style=\"text-align: justify;\">Dopo la riscoperta di questa storia da parte dell&#8217;autrice, il Consiglio Comunale di Latina ha deciso di intitolare al suo primo sindaco un luogo (da determinare) all&#8217;interno del Parco Falcone e Borsellino.<\/p>\n<p style=\"text-align: justify;\">Il lavoro di ricerca della giornalista Licia Pastore su Fernando Bassoli, porta la prefazione dello storico Guido Crainz e di Marilena Giovannelli, gi\u00e0 direttrice dell\u2019Archivio di Stato di Latina e ha ricevuto il\u00a0 Premio Nazionale Minturnae \u201cOrnella Valerio\u201d sezione Storia Giovani 2023.<\/p>\n<p style=\"text-align: justify;\">Il libro sar\u00e0 presentato nella Biblioteca comunale di Priverno dall\u2019autrice e da Carlo Bassoli figlio del primo Sindaco di Latina. Interverranno per i saluti istituzionali la sindaca Anna Maria Bilancia e l\u2019assessore alla Cultura Sonia Quattrociocche.<\/p>\n<p style=\"text-align: justify;\">LA STORIA &#8211; La storia di Fernando Bassoli, originario di Carpi (Modena) sceso in Agro pontino nel 1935 come giovane contabile della Cooperativa Braccianti Carpi, impegnata nei lavori di bonifica dei territori. Da principio, la sua permanenza nell\u2019Agro doveva essere di breve durata poich\u00e9 legata ad un periodo di lavoro, ma dopo qualche anno che si trovava a Terracina per i lavori di bonifica, qualcosa lo spinse a prendere la decisione di trasferirsi definitivamente anche se molti dei suoi compagni di lavoro tornarono a casa.<\/p>\n<p style=\"text-align: justify;\">Una scelta coraggiosa, specie per quegli anni in cui, di l\u00ec a poco, ci si sarebbe trovati nel pieno della Seconda guerra mondiale che fer\u00ec profondamente sia i territori che le comunit\u00e0.<\/p>\n<p style=\"text-align: justify;\">Bassoli da buon romagnolo durante quel periodo di lavoro e negli anni che seguirono, si fece apprezzare molto per le sue capacit\u00e0 professionali e personali riuscendo cos\u00ec a costruire una rete di rapporti che lo legarono saldamente alla gente e ai luoghi.<\/p>\n<p style=\"text-align: justify;\">In seguito alle prime elezioni comunali del 1946 diviene il primo sindaco della citt\u00e0 di Latina, esponente del Partito Repubblicano guider\u00e0 la fase iniziale (1946-1951) della ricostruzione della ex citt\u00e0 di Littoria, immediatamente dopo la caduta del fascismo.<\/p>\n<p style=\"text-align: justify;\">\n<div class=\"radio-posizionamento-telefono-in-articoli-dopo-il-contenuto-articolo radio-entity-placement\" id=\"radio-954799374\"><div id=\"radio-266279726\"><a href=\"https:\/\/www.simeoneceramiche.com\/\" aria-label=\"SIMEONE CERAMICHE GIF animata per radioluna_Tavola disegno 1 copia 2 (online-video-cutter.com)\"><img loading=\"lazy\" decoding=\"async\" src=\"https:\/\/www.radioluna.it\/news\/wp-content\/uploads\/2025\/05\/SIMEONE-CERAMICHE-GIF-animata-per-radioluna_Tavola-disegno-1-copia-2-online-video-cutter.com_.gif\" alt=\"\"  width=\"300\" height=\"250\"   \/><\/a><\/div><\/div>","protected":false},"excerpt":{"rendered":"<p>PRIVERNO\u00a0 &#8211; Sar\u00e0 presentato a Priverno sabato 7 settembre alle 17,30 il saggio di Licia Pastore &#8220;Fernando Bassoli. Primo sindaco della citt\u00e0 di Latina &#8220;, edito da Atlantide editore,\u00a0 casa editrice di Latina diretta da Dario Petti. Un lavoro di ricostruzione, attraverso documenti d\u2019archivio e testimonianze, che ripercorre la vicenda personale e politica di Bassoli [&hellip;]<\/p>\n","protected":false},"author":62,"featured_media":359553,"comment_status":"open","ping_status":"open","sticky":false,"template":"","format":"standard","meta":{"footnotes":""},"categories":[2424],"tags":[],"class_list":["post-359552","post","type-post","status-publish","format-standard","has-post-thumbnail","hentry","category-i-nostri-libri"],"_links":{"self":[{"href":"https:\/\/www.radioluna.it\/news\/wp-json\/wp\/v2\/posts\/359552","targetHints":{"allow":["GET"]}}],"collection":[{"href":"https:\/\/www.radioluna.it\/news\/wp-json\/wp\/v2\/posts"}],"about":[{"href":"https:\/\/www.radioluna.it\/news\/wp-json\/wp\/v2\/types\/post"}],"author":[{"embeddable":true,"href":"https:\/\/www.radioluna.it\/news\/wp-json\/wp\/v2\/users\/62"}],"replies":[{"embeddable":true,"href":"https:\/\/www.radioluna.it\/news\/wp-json\/wp\/v2\/comments?post=359552"}],"version-history":[{"count":1,"href":"https:\/\/www.radioluna.it\/news\/wp-json\/wp\/v2\/posts\/359552\/revisions"}],"predecessor-version":[{"id":359555,"href":"https:\/\/www.radioluna.it\/news\/wp-json\/wp\/v2\/posts\/359552\/revisions\/359555"}],"wp:featuredmedia":[{"embeddable":true,"href":"https:\/\/www.radioluna.it\/news\/wp-json\/wp\/v2\/media\/359553"}],"wp:attachment":[{"href":"https:\/\/www.radioluna.it\/news\/wp-json\/wp\/v2\/media?parent=359552"}],"wp:term":[{"taxonomy":"category","embeddable":true,"href":"https:\/\/www.radioluna.it\/news\/wp-json\/wp\/v2\/categories?post=359552"},{"taxonomy":"post_tag","embeddable":true,"href":"https:\/\/www.radioluna.it\/news\/wp-json\/wp\/v2\/tags?post=359552"}],"curies":[{"name":"wp","href":"https:\/\/api.w.org\/{rel}","templated":true}]}}