{"id":359703,"date":"2024-09-09T10:13:37","date_gmt":"2024-09-09T08:13:37","guid":{"rendered":"https:\/\/www.radioluna.it\/news\/?p=359703"},"modified":"2024-09-10T16:34:32","modified_gmt":"2024-09-10T14:34:32","slug":"fra-diavolo-da-itri-alla-rolex-maxi-a-porto-cervo","status":"publish","type":"post","link":"https:\/\/www.radioluna.it\/news\/2024\/09\/fra-diavolo-da-itri-alla-rolex-maxi-a-porto-cervo\/","title":{"rendered":"Fra&#8217; Diavolo, da Itri alla Rolex Maxi a Porto Cervo"},"content":{"rendered":"<div id=\"fb-root\"><\/div>\n<p style=\"text-align: justify;\"><img loading=\"lazy\" decoding=\"async\" class=\" wp-image-359706 alignleft\" src=\"https:\/\/www.radioluna.it\/news\/wp-content\/uploads\/2024\/09\/fra-diavolo-a-gaeta-1.jpg\" alt=\"\" width=\"243\" height=\"324\" \/>Partecipa alla Rolex Maxi a Porto Cervo, Fra&#8217; Diavolo con l&#8217;equipaggio guidato da Vincenzo Addessi. L\u2019imbarcazione, con i colori di Itri, Yacht Club Gaeta e di Ventotene \u00e8 l\u2019unica del Lazio a partecipare alla prestigiosa competizione velica: \u00abUn evento tra i pi\u00f9 attesi della stagione estiva che coinvolge ben 17 nazioni &#8211; dichiara \u00a0l\u2019assessore allo Sport, al Turismo, all\u2019Ambiente e alla Transizione Energetica della Regione Lazio, Elena Palazzo &#8211; Voglio augurare buon vento a Fra&#8217; Diavolo e a tutto il suo equipaggio guidato da Vincenzo Addessi. Siamo molto orgogliosi di essere rappresentati da una squadra che da anni si distingue per l\u2019eccellenza dei suoi membri e che sta portando in alto nel mondo il nome del Lazio, di Itri e ora anche di Ventotene. Fra Diavolo \u00e8 da anni impegnata in iniziative per la solidariet\u00e0 e per la diffusione del patrimonio storico e culturale della Riviera di Ulisse. Da sempre ci regala grandissime soddisfazioni anche sul fronte sportivo e noi siamo fieri di sostenerla\u00bb, continua Palazzo.<\/p>\n<p style=\"text-align: justify;\">\u00abLa vela costituisce un elemento fortemente identitario per il sud pontino da molti punti di vista. Ho voluto quindi che diventasse un simbolo del territorio per favorirne la promozione sportiva, turistica e socioculturale. Per questo \u00e8 nato Vento e Radici, un progetto che sta gi\u00e0 muovendo i primi passi, cos\u00ec come avevamo annunciato a luglio in occasione della presentazione con il Presidente Francesco Rocca presso il Centro di Preparazione Olimpica Bruno Zauli di Formia. Stanno per prendere il via diverse iniziative mirate proprio al rilancio di questo settore attraverso il coinvolgimento attivo del Coni, della Federazione Italiana Vela, dei Circoli Velici e delle scuole del territorio\u00bb, conclude l\u2019assessore Elena Palazzo.<\/p>\n<p>&nbsp;<\/p>\n","protected":false},"excerpt":{"rendered":"<p>Partecipa alla Rolex Maxi a Porto Cervo, Fra&#8217; Diavolo con l&#8217;equipaggio guidato da Vincenzo Addessi. L\u2019imbarcazione, con i colori di Itri, Yacht Club Gaeta e di Ventotene \u00e8 l\u2019unica del Lazio a partecipare alla prestigiosa competizione velica: \u00abUn evento tra i pi\u00f9 attesi della stagione estiva che coinvolge ben 17 nazioni &#8211; dichiara \u00a0l\u2019assessore allo [&hellip;]<\/p>\n","protected":false},"author":5430,"featured_media":359707,"comment_status":"open","ping_status":"open","sticky":false,"template":"","format":"standard","meta":{"footnotes":""},"categories":[734,17],"tags":[],"class_list":["post-359703","post","type-post","status-publish","format-standard","has-post-thumbnail","hentry","category-evidenza","category-sport"],"_links":{"self":[{"href":"https:\/\/www.radioluna.it\/news\/wp-json\/wp\/v2\/posts\/359703","targetHints":{"allow":["GET"]}}],"collection":[{"href":"https:\/\/www.radioluna.it\/news\/wp-json\/wp\/v2\/posts"}],"about":[{"href":"https:\/\/www.radioluna.it\/news\/wp-json\/wp\/v2\/types\/post"}],"author":[{"embeddable":true,"href":"https:\/\/www.radioluna.it\/news\/wp-json\/wp\/v2\/users\/5430"}],"replies":[{"embeddable":true,"href":"https:\/\/www.radioluna.it\/news\/wp-json\/wp\/v2\/comments?post=359703"}],"version-history":[{"count":3,"href":"https:\/\/www.radioluna.it\/news\/wp-json\/wp\/v2\/posts\/359703\/revisions"}],"predecessor-version":[{"id":359809,"href":"https:\/\/www.radioluna.it\/news\/wp-json\/wp\/v2\/posts\/359703\/revisions\/359809"}],"wp:featuredmedia":[{"embeddable":true,"href":"https:\/\/www.radioluna.it\/news\/wp-json\/wp\/v2\/media\/359707"}],"wp:attachment":[{"href":"https:\/\/www.radioluna.it\/news\/wp-json\/wp\/v2\/media?parent=359703"}],"wp:term":[{"taxonomy":"category","embeddable":true,"href":"https:\/\/www.radioluna.it\/news\/wp-json\/wp\/v2\/categories?post=359703"},{"taxonomy":"post_tag","embeddable":true,"href":"https:\/\/www.radioluna.it\/news\/wp-json\/wp\/v2\/tags?post=359703"}],"curies":[{"name":"wp","href":"https:\/\/api.w.org\/{rel}","templated":true}]}}