{"id":359832,"date":"2024-09-10T18:24:13","date_gmt":"2024-09-10T16:24:13","guid":{"rendered":"https:\/\/www.radioluna.it\/news\/?p=359832"},"modified":"2024-09-10T18:24:13","modified_gmt":"2024-09-10T16:24:13","slug":"premio-invictus-vergari-premiato-dagli-studenti-del-ramadu","status":"publish","type":"post","link":"https:\/\/www.radioluna.it\/news\/2024\/09\/premio-invictus-vergari-premiato-dagli-studenti-del-ramadu\/","title":{"rendered":"Premio Invictus, Vergari premiato dagli studenti del Ramad\u00f9"},"content":{"rendered":"<div id=\"fb-root\"><\/div>\n<p style=\"text-align: justify;\"><strong>CISTERNA DI LATINA<\/strong> &#8211; Si \u00e8 tenuta stamattina, nel programma della V edizione del Premio Invictus, la <strong>III edizione del premio Invictus School<\/strong>. I ragazzi e le ragazze del campus dei licei <strong>Ramad\u00f9 di Cisterna<\/strong>, nell\u2019ambito di un percorso durato tutto lo scorso anno scolastico, hanno decretato un libro vincitore in base a quello che \u00e8 stato maggiormente capace di catturare la loro curiosit\u00e0. Il libro vincitore \u00e8 stato <strong>&#8220;Emozioni: 60 anni di storia d&#8217;Italia attraverso 15 sfide sportive&#8221; di Federico Vergari per Lab DFG<\/strong>. L\u2019autore: \u201cRicevere questo premio \u00e8 un grande onore. Sento anche una grande responsabilit\u00e0 davanti a questi ragazzi che hanno letto e giudicato il mio libro. Dialogare con loro \u00e8 stato il premio pi\u00f9 bello\u201d.<\/p>\n<p style=\"text-align: justify;\">Vergari \u00e8 stato premiato dall\u2019amministrazione comunale. La Vicesindaco Innamorato: \u201cInvictus \u00e8 un progetto sul quale abbiamo investito immediatamente. Nel tempo si \u00e8 evoluto ed i ragazzi sono stati essenziali. La letteratura sportiva per Cisterna sta diventando un punto di forza\u201d. Presenti anche l&#8217;assessore allo Sport, Capasso, e la delegata ai grandi eventi, Contarino, che hanno sottolineato la grande sinergia tra amministrazione e mondo della cultura ed il grande risultato che \u00e8 stato Invictus School: un arricchimento per i giovani della citt\u00e0.<\/p>\n<p style=\"text-align: justify;\">Ancora su Invictus School la professoressa Ciarla, del polo tecnologico del Ramad\u00f9, ha seguito il progetto da vicino: \u201cSono molto emozionata. Tanti ragazzi cos\u00ec coinvolti sono la nostra vittoria. Una bella giornata con una risposta forte\u201d.<\/p>\n<p style=\"text-align: justify;\">Giovanni Di Giorgi, editore della Lab DFG che ha ideato e realizzato il Premio Invictus, ha detto: \u201cEducare alla lettura nelle scuole \u00e8 fondamentale. Con progetti come questo coltiviamo cultura letteraria e sportiva. Abbiamo un motto: \u2018Si scrive sport ma si legge vita\u2019. Le storie sportive raccontano un po\u2019 la vita e per questo \u00e8 importante raccontarle attraverso la letteratura. Un ringraziamento all\u2019amministrazione comunale di Cisterna di Latina per aver creduto in noi. Ormai possiamo dire che Cisterna di Latina \u00e8 la capitale italiana della letteratura sportiva\u201d.<\/p>\n<p style=\"text-align: justify;\">Durante la mattina c\u2019\u00e8 stato anche un doppio riconoscimento per <strong>Jacopo Tosti: atleta rivelazione dell\u2019anno per Invictus e premiato dal Comune di Cisterna per essersi laureato campione del mondo under 17 dell\u2019Italia Volley<\/strong> e quale esempio di sacrificio e passione. Il Sindaco di Cisterna di Latina, Valentino Mantini, ha ringraziato tutti i partecipanti e commentato: \u201cSono davvero pieno di gioia. Per raggiungere importanti risultati come questo \u00e8 necessario un lavoro di squadra. Invito i giovani a dare sempre il loro meglio: si pu\u00f2 vincere o perdere, l\u2019importante \u00e8 dare il massimo\u201d.<\/p>\n<p style=\"text-align: justify;\"><strong>Gioved\u00ec 12 settembre, nella prestigiosa sede di Palazzo Caetani di Cisterna di Latina, verr\u00e0 annunciato il vincitore della quinta edizione<\/strong> del <strong>Premio Invictus<\/strong> che verr\u00e0 scelto tra la cinquina composta da: \u201cLa forma dei sogni\u201d di Andrej Longo (Sellerio); \u201cIl mio calcio furioso e solitario\u201d di Walter Sabatini (Piemme); \u201cLa piuma del ghetto\u201d di Antonello Capurso (Gallucci Bros); \u201cCi alleniamo anche se piove\u201d di Andrea Masciaga e Gianluca Bavagnoli (Rizzoli); \u201cDrazen Petrovic\u201d di Lorenzo Iervolino (66thand2nd).<\/p>\n<p>&nbsp;<\/p>\n<p style=\"text-align: justify;\">\n<div class=\"radio-posizionamento-telefono-in-articoli-dopo-il-contenuto-articolo radio-entity-placement\" id=\"radio-2391204418\"><div id=\"radio-3443036989\"><a href=\"https:\/\/grupporedi.it\/\" aria-label=\"Redi-Qr\"><img loading=\"lazy\" decoding=\"async\" src=\"https:\/\/www.radioluna.it\/news\/wp-content\/uploads\/2026\/03\/Redi-Qr.jpg\" alt=\"\"  srcset=\"https:\/\/www.radioluna.it\/news\/wp-content\/uploads\/2026\/03\/Redi-Qr.jpg 800w, https:\/\/www.radioluna.it\/news\/wp-content\/uploads\/2026\/03\/Redi-Qr-768x639.jpg 768w\" sizes=\"(max-width: 800px) 100vw, 800px\" width=\"300\" height=\"250\"   \/><\/a><\/div><\/div>","protected":false},"excerpt":{"rendered":"<p>CISTERNA DI LATINA &#8211; Si \u00e8 tenuta stamattina, nel programma della V edizione del Premio Invictus, la III edizione del premio Invictus School. I ragazzi e le ragazze del campus dei licei Ramad\u00f9 di Cisterna, nell\u2019ambito di un percorso durato tutto lo scorso anno scolastico, hanno decretato un libro vincitore in base a quello che [&hellip;]<\/p>\n","protected":false},"author":60,"featured_media":359834,"comment_status":"open","ping_status":"open","sticky":false,"template":"","format":"standard","meta":{"footnotes":""},"categories":[2424],"tags":[],"class_list":["post-359832","post","type-post","status-publish","format-standard","has-post-thumbnail","hentry","category-i-nostri-libri"],"_links":{"self":[{"href":"https:\/\/www.radioluna.it\/news\/wp-json\/wp\/v2\/posts\/359832","targetHints":{"allow":["GET"]}}],"collection":[{"href":"https:\/\/www.radioluna.it\/news\/wp-json\/wp\/v2\/posts"}],"about":[{"href":"https:\/\/www.radioluna.it\/news\/wp-json\/wp\/v2\/types\/post"}],"author":[{"embeddable":true,"href":"https:\/\/www.radioluna.it\/news\/wp-json\/wp\/v2\/users\/60"}],"replies":[{"embeddable":true,"href":"https:\/\/www.radioluna.it\/news\/wp-json\/wp\/v2\/comments?post=359832"}],"version-history":[{"count":1,"href":"https:\/\/www.radioluna.it\/news\/wp-json\/wp\/v2\/posts\/359832\/revisions"}],"predecessor-version":[{"id":359835,"href":"https:\/\/www.radioluna.it\/news\/wp-json\/wp\/v2\/posts\/359832\/revisions\/359835"}],"wp:featuredmedia":[{"embeddable":true,"href":"https:\/\/www.radioluna.it\/news\/wp-json\/wp\/v2\/media\/359834"}],"wp:attachment":[{"href":"https:\/\/www.radioluna.it\/news\/wp-json\/wp\/v2\/media?parent=359832"}],"wp:term":[{"taxonomy":"category","embeddable":true,"href":"https:\/\/www.radioluna.it\/news\/wp-json\/wp\/v2\/categories?post=359832"},{"taxonomy":"post_tag","embeddable":true,"href":"https:\/\/www.radioluna.it\/news\/wp-json\/wp\/v2\/tags?post=359832"}],"curies":[{"name":"wp","href":"https:\/\/api.w.org\/{rel}","templated":true}]}}