{"id":360441,"date":"2024-09-19T16:00:10","date_gmt":"2024-09-19T14:00:10","guid":{"rendered":"https:\/\/www.radioluna.it\/news\/?p=360441"},"modified":"2024-09-19T16:00:10","modified_gmt":"2024-09-19T14:00:10","slug":"gaia-pernarella-lascia-il-movimento-cinquestelle-e-passa-a-sinistra-italiana","status":"publish","type":"post","link":"https:\/\/www.radioluna.it\/news\/2024\/09\/gaia-pernarella-lascia-il-movimento-cinquestelle-e-passa-a-sinistra-italiana\/","title":{"rendered":"Gaia Pernarella lascia il Movimento CinqueStelle e passa a Sinistra Italiana"},"content":{"rendered":"<div id=\"fb-root\"><\/div>\n<p style=\"text-align: justify;\"><strong>TERRACINA\u00a0<\/strong> &#8211; Gaia Pernarella rompe gli indugi e ufficializza, l&#8217;uscita dal Movimento CinqueStelle e l&#8217;adesione a Sinistra Italiana. La gi\u00e0 Consigliera regionale del Lazio di Terracina vuole\u00a0 tornare a misurarsi\u00a0 &#8211; spiega &#8211; con le &#8221; battaglie sui diritti sociali e civili, sulla legalit\u00e0, sull\u2019ambiente e sulle tematiche culturali che\u00a0 languono&#8230;Una scelta che mi pare inevitabile, vista la rassegnazione generale e il declino culturale del mio territorio che rispecchia perfettamente quello del nostro Paese&#8221;, scrive.<\/p>\n<p style=\"text-align: justify;\">Al Movimento cinque Stelle un grazie per il passato, mentre il presente non le appare pi\u00f9 condivisibile: &#8220;Un progetto in cui ho creduto fortemente anche in tempi non sospetti e a cui sono immensamente grata per avermi dato la possibilit\u00e0 di attivarmi per il bene del mio territorio. Oggi per\u00f2 questo movimento sembra non aver pi\u00f9 bisogno di noi attivisti e portavoce della prima ora, tanto da non aver mai creato la possibilit\u00e1 di mettere a regime le competenze ed i risultati ottenuti con estremo sforzo in questi 15 anni. E sinceramente non riesco ad appassionarmi all\u2019esito della discussione sul limite del secondo mandato: duole, e tanto, vedere l\u2019indifferenza e la sufficienza con cui le battaglie storiche, le regole statutarie e i cardini su cui ci siamo fondati siano state archiviate e surclassate da statisti dell\u2019ultima ora che hanno smesso di portare la voce delle persone per chiudersi in cerchi magici e referenti calati dall\u2019alto che nulla hanno a che fare con i principi per cui ci siamo battuti per anni. Le diatribe ed i teatrini mediatici degli ultimi giorni poi, sono cos\u00ec ridicoli e stucchevoli da aver superato in idiozia anche la disillusione di una politica ormai inesistente, pi\u00f9 impegnata ad inseguire visibilit\u00e0 e diritto all\u2019esistenza che temi precisi ed importanti&#8221;.<\/p>\n<p style=\"text-align: justify;\">Poi, l&#8217;annuncio sul nuovo percorso sociale e politico &#8220;che riprender\u00e0 con maggiore forza appoggiando convintamente le idee ed il progetto politico di Sinistra Italiana, partito che ho avuto modo di conoscere ed apprezzare nell\u2019alleanza politica della scorsa campagna elettorale per le elezioni regionali del Lazio, e che senza superbia ha saputo accogliere la mia esperienza e la mia visione politica nella stesura del programma elettorale che convintamente continua a portare avanti nelle istituzioni con voglia di condivisione e proposta. Sono certa che sar\u00e0 un\u2019esperienza sfidante e coinvolgente tornare a mettere a disposizione il mio lavoro per un Paese pi\u00f9 equo, sostenibile e che non lascia davvero indietro nessuno&#8221;, conclude Pernarella.<\/p>\n","protected":false},"excerpt":{"rendered":"<p>TERRACINA\u00a0 &#8211; Gaia Pernarella rompe gli indugi e ufficializza, l&#8217;uscita dal Movimento CinqueStelle e l&#8217;adesione a Sinistra Italiana. La gi\u00e0 Consigliera regionale del Lazio di Terracina vuole\u00a0 tornare a misurarsi\u00a0 &#8211; spiega &#8211; con le &#8221; battaglie sui diritti sociali e civili, sulla legalit\u00e0, sull\u2019ambiente e sulle tematiche culturali che\u00a0 languono&#8230;Una scelta che mi pare [&hellip;]<\/p>\n","protected":false},"author":62,"featured_media":360442,"comment_status":"open","ping_status":"open","sticky":false,"template":"","format":"standard","meta":{"footnotes":""},"categories":[8],"tags":[],"class_list":["post-360441","post","type-post","status-publish","format-standard","has-post-thumbnail","hentry","category-politica"],"_links":{"self":[{"href":"https:\/\/www.radioluna.it\/news\/wp-json\/wp\/v2\/posts\/360441","targetHints":{"allow":["GET"]}}],"collection":[{"href":"https:\/\/www.radioluna.it\/news\/wp-json\/wp\/v2\/posts"}],"about":[{"href":"https:\/\/www.radioluna.it\/news\/wp-json\/wp\/v2\/types\/post"}],"author":[{"embeddable":true,"href":"https:\/\/www.radioluna.it\/news\/wp-json\/wp\/v2\/users\/62"}],"replies":[{"embeddable":true,"href":"https:\/\/www.radioluna.it\/news\/wp-json\/wp\/v2\/comments?post=360441"}],"version-history":[{"count":1,"href":"https:\/\/www.radioluna.it\/news\/wp-json\/wp\/v2\/posts\/360441\/revisions"}],"predecessor-version":[{"id":360443,"href":"https:\/\/www.radioluna.it\/news\/wp-json\/wp\/v2\/posts\/360441\/revisions\/360443"}],"wp:featuredmedia":[{"embeddable":true,"href":"https:\/\/www.radioluna.it\/news\/wp-json\/wp\/v2\/media\/360442"}],"wp:attachment":[{"href":"https:\/\/www.radioluna.it\/news\/wp-json\/wp\/v2\/media?parent=360441"}],"wp:term":[{"taxonomy":"category","embeddable":true,"href":"https:\/\/www.radioluna.it\/news\/wp-json\/wp\/v2\/categories?post=360441"},{"taxonomy":"post_tag","embeddable":true,"href":"https:\/\/www.radioluna.it\/news\/wp-json\/wp\/v2\/tags?post=360441"}],"curies":[{"name":"wp","href":"https:\/\/api.w.org\/{rel}","templated":true}]}}