{"id":360694,"date":"2024-09-24T13:36:15","date_gmt":"2024-09-24T11:36:15","guid":{"rendered":"https:\/\/www.radioluna.it\/news\/?p=360694"},"modified":"2024-09-28T09:10:10","modified_gmt":"2024-09-28T07:10:10","slug":"un-canestro-per-te-entusiasmo-ed-emozioni-alla-seconda-edizione-del-torneo-di-basket-in-memoria-di-francesco-mansutti","status":"publish","type":"post","link":"https:\/\/www.radioluna.it\/news\/2024\/09\/un-canestro-per-te-entusiasmo-ed-emozioni-alla-seconda-edizione-del-torneo-di-basket-in-memoria-di-francesco-mansutti\/","title":{"rendered":"Entusiasmo ed emozioni alla seconda edizione del torneo di basket in memoria di Francesco Mansutti"},"content":{"rendered":"<div id=\"fb-root\"><\/div>\n<p style=\"text-align: justify;\"><strong>LATINA<\/strong> &#8211;\u00a0 Si \u00e8 tenuta a Roma, il 21 e il 22 settembre, presso il Pontificio Oratorio di San Paolo, la seconda edizione di \u201cUn canestro per te\u201d, torneo di basket a squadre in ricordo di Francesco Mansutti, tragicamente scomparso nel marzo 2023.<\/p>\n<p style=\"text-align: justify;\">Il torneo, insieme ai due premi di laurea per la miglior tesi alla Luiss Guido Carli di Roma con oggetto il settore agro\/alimentare e al convegno sulla legalit\u00e0 presso il Liceo Classico \u201cDante Alighieri\u201d di Latina, \u00e8 tra le iniziative annuali volute dall\u2019Associazione Francesco Mansutti Ets, nata proprio con l\u2019obiettivo di portare avanti i progetti sociali e sportivi cari a Francesco.<img loading=\"lazy\" decoding=\"async\" class=\" wp-image-360695 alignright\" src=\"https:\/\/www.radioluna.it\/news\/wp-content\/uploads\/2024\/09\/mansutti.jpg\" alt=\"\" width=\"390\" height=\"260\" srcset=\"https:\/\/www.radioluna.it\/news\/wp-content\/uploads\/2024\/09\/mansutti.jpg 1920w, https:\/\/www.radioluna.it\/news\/wp-content\/uploads\/2024\/09\/mansutti-768x512.jpg 768w, https:\/\/www.radioluna.it\/news\/wp-content\/uploads\/2024\/09\/mansutti-1536x1024.jpg 1536w, https:\/\/www.radioluna.it\/news\/wp-content\/uploads\/2024\/09\/mansutti-600x400.jpg 600w, https:\/\/www.radioluna.it\/news\/wp-content\/uploads\/2024\/09\/mansutti-270x180.jpg 270w\" sizes=\"auto, (max-width: 390px) 100vw, 390px\" \/><\/p>\n<p style=\"text-align: justify;\">Francesco ha dedicato la sua vita al basket e lo ha praticato con passione, umilt\u00e0 e abnegazione. \u201cQuesto torneo \u00e8 molto importante per tutti noi e con l\u2019Associazione desideriamo fare le cose per bene, cos\u00ec come avrebbe fatto e voluto Francesco. &#8211; ha dichiarato Franco Mansutti, padre di Francesco &#8211; Ringrazio tutti i presenti, le squadre (SPO San Paolo Ostiense, SMG Latina, ASD Pol. Petriana, Virtus Basket Pontinia) che con entusiasmo e passione hanno partecipato a queste due intense ed emozionanti giornate, e ringrazio chi, pur non potendo partecipare, ci ha sostenuti sin dall\u2019inizio. Un sentito ringraziamento a Carlo Colella e agli amici del San Paolo Ostiense che ci hanno ospitato. Mi sono sentito a casa e sento tutti voi vicinissimi a me e alla mia famiglia\u201d.<\/p>\n<p style=\"text-align: justify;\">\u201cSono pi\u00f9 di 50 anni che il Pontificio Oratorio di San Paolo in Roma abita questa residenza, che \u00e8 stata dotata nel corso del tempo di spazi e impianti che potessero accogliere ragazzi e ragazze di tutte le et\u00e0 in un clima di condivisione e solidariet\u00e0. &#8211; ha affermato Padre Antonio Teodoro Lucente, che dal 2007 tiene la guida dell\u2019Oratorio &#8211; Educhiamo alla vita, al suo rispetto e alla sua consapevolezza. Siamo felici di aver ospitato il torneo in memoria di Francesco, un giovane come voi, e se non ci fossero giovani come voi il nostro impegno non avrebbe ragione di esistere\u201d.<\/p>\n<p style=\"text-align: justify;\">\u201cSpazi come il Pontificio Oratorio di San Paolo, dove i ragazzi si incontrano uniti da sani principi e leali valori, insieme a iniziative come questo torneo, dove l\u2019amicizia e il rispetto sono i veri protagonisti, meritano di essere sostenuti e incentivati. &#8211; ha dichiarato l\u2019On. Maria Spena, Consigliere di Amministrazione di Sport e Salute &#8211; E questo \u00e8 uno degli obiettivi di Sport e Salute: valorizzare lo sport quale portatore di inclusione, solidariet\u00e0 e integrazione\u201d.<\/p>\n<p style=\"text-align: justify;\">Il torneo<\/p>\n<p style=\"text-align: justify;\">L\u2019edizione 2024 di \u201cUn canestro per te\u201d, organizzata dall\u2019Associazione Francesco Mansutti Ets in collaborazione con SPO San Paolo Ostiense, e svoltasi con il patrocinio di CONI, Sport e Salute e FIP Lazio, ha registrato un significativo coinvolgimento dei giovani, per i quali rappresenta un\u2019importante occasione di confronto leale e di amicizia, al di l\u00e0 di ogni esasperazione competitiva.<\/p>\n<p style=\"text-align: justify;\">Quest\u2019anno l\u2019evento si \u00e8 tenuto presso il campo del Pontificio Oratorio di San Paolo, uno dei luoghi dove Francesco ha giocato con impegno e passione. L\u2019edizione del 2025, invece, sar\u00e0 a Latina, nei campi della SMG Latina.<\/p>\n<p style=\"text-align: justify;\">Le partite hanno visto l\u2019amichevole confronto tra SPO San Paolo Ostiense vs SMG Latina, ASD Pol. Petriana vs Virtus Basket Pontinia nella prima giornata; SMG Latina vs Virtus Basket Pontinia, ASD Pol. Petriana vs SPO San Paolo Ostiense nella seconda giornata.<\/p>\n<p style=\"text-align: justify;\">Premiazioni<\/p>\n<p style=\"text-align: justify;\">Al termine del torneo sono state premiate le quattro squadre partecipanti (SPO San Paolo Ostiense, SMG Latina, ASD Pol. Petriana, Virtus Basket Pontinia) con targhe commemorative per l\u2019impegno e la passione dimostrati. La\u00a0Targa Fair Play per il giocatore distintosi per correttezza e lealt\u00e0, riconoscimento particolarmente caro all\u2019Associazione e che lo scorso anno \u00e8 stato assegnato proprio a Francesco Mansutti, \u00e8 andato ex aequo a due cari amici di Francesco, Luca Cassandra e Lorenzo Scarparo, entrambi della Virtus Basket Pontinia. Infine, sono state consegnate tre targhe di riconoscimento, per il rinnovato sostegno anche in questa seconda edizione, a CONI, Sport e Salute e FIP Lazio.<\/p>\n<p>L\u2019Associazione Francesco Mansutti Ets<\/p>\n<p>L\u2019Associazione, nata per onorare la memoria di Francesco, si impegna a mantenere vivo il suo spirito attraverso attivit\u00e0 legate agli ambiti in cui Francesco ha lasciato un segno indelebile: lo studio, lo sport e l\u2019impegno civile. Studente brillante, appassionato sportivo e imprenditore di successo, Francesco ha ispirato chiunque lo abbia conosciuto. L\u2019Associazione si propone di lavorare insieme per il mondo in cui Francesco coraggiosamente credeva, giusto e solidale, e di continuare a tramandare i valori che Francesco ha incarnato, affinch\u00e9 il suo esempio possa essere una guida per le nuove generazioni.<\/p>\n<p>&nbsp;<\/p>\n","protected":false},"excerpt":{"rendered":"<p>LATINA &#8211;\u00a0 Si \u00e8 tenuta a Roma, il 21 e il 22 settembre, presso il Pontificio Oratorio di San Paolo, la seconda edizione di \u201cUn canestro per te\u201d, torneo di basket a squadre in ricordo di Francesco Mansutti, tragicamente scomparso nel marzo 2023. Il torneo, insieme ai due premi di laurea per la miglior tesi [&hellip;]<\/p>\n","protected":false},"author":5430,"featured_media":360696,"comment_status":"open","ping_status":"open","sticky":false,"template":"","format":"standard","meta":{"footnotes":""},"categories":[17],"tags":[],"class_list":["post-360694","post","type-post","status-publish","format-standard","has-post-thumbnail","hentry","category-sport"],"_links":{"self":[{"href":"https:\/\/www.radioluna.it\/news\/wp-json\/wp\/v2\/posts\/360694","targetHints":{"allow":["GET"]}}],"collection":[{"href":"https:\/\/www.radioluna.it\/news\/wp-json\/wp\/v2\/posts"}],"about":[{"href":"https:\/\/www.radioluna.it\/news\/wp-json\/wp\/v2\/types\/post"}],"author":[{"embeddable":true,"href":"https:\/\/www.radioluna.it\/news\/wp-json\/wp\/v2\/users\/5430"}],"replies":[{"embeddable":true,"href":"https:\/\/www.radioluna.it\/news\/wp-json\/wp\/v2\/comments?post=360694"}],"version-history":[{"count":1,"href":"https:\/\/www.radioluna.it\/news\/wp-json\/wp\/v2\/posts\/360694\/revisions"}],"predecessor-version":[{"id":360697,"href":"https:\/\/www.radioluna.it\/news\/wp-json\/wp\/v2\/posts\/360694\/revisions\/360697"}],"wp:featuredmedia":[{"embeddable":true,"href":"https:\/\/www.radioluna.it\/news\/wp-json\/wp\/v2\/media\/360696"}],"wp:attachment":[{"href":"https:\/\/www.radioluna.it\/news\/wp-json\/wp\/v2\/media?parent=360694"}],"wp:term":[{"taxonomy":"category","embeddable":true,"href":"https:\/\/www.radioluna.it\/news\/wp-json\/wp\/v2\/categories?post=360694"},{"taxonomy":"post_tag","embeddable":true,"href":"https:\/\/www.radioluna.it\/news\/wp-json\/wp\/v2\/tags?post=360694"}],"curies":[{"name":"wp","href":"https:\/\/api.w.org\/{rel}","templated":true}]}}