{"id":360756,"date":"2024-09-24T18:34:34","date_gmt":"2024-09-24T16:34:34","guid":{"rendered":"https:\/\/www.radioluna.it\/news\/?p=360756"},"modified":"2024-09-24T18:34:34","modified_gmt":"2024-09-24T16:34:34","slug":"latina-ciolfi-la-nuova-metro-leggera-non-passera-dallepitaffio-ma-da-appia-e-chiesuola","status":"publish","type":"post","link":"https:\/\/www.radioluna.it\/news\/2024\/09\/latina-ciolfi-la-nuova-metro-leggera-non-passera-dallepitaffio-ma-da-appia-e-chiesuola\/","title":{"rendered":"Latina, Ciolfi: &#8220;La nuova metro leggera non passer\u00e0 dall&#8217;Epitaffio, ma da Appia e Chiesuola&#8221;"},"content":{"rendered":"<div id=\"fb-root\"><\/div>\n<p style=\"text-align: justify;\"><strong>LATINA<\/strong> &#8211; \u00abSiamo alle solite: la maggioranza di centrodestra decide in riunioni carbonare nelle segrete stanze in merito ad opere strategiche per la citt\u00e0\u00bb. Lo dichiara la capogruppo del M5S, Maria Grazia Ciolfi, dopo aver appreso dalla stampa dell\u2019imminente approvazione in giunta del progetto che porter\u00e0 alla realizzazione di un\u2019infrastruttura di collegamento tra Latina e Latina Scalo. &#8220;Ancora una volta, veniamo a conoscenza di questioni di grande impatto per la comunit\u00e0 dai quotidiani e non nelle sedi preposte&#8221;, aggiunge la consigliera che critica metodo e merito: &#8220;Decine di sedute della commissione Trasporti per definire anche le virgole del nuovo Regolamento sul piano della sosta, com\u2019\u00e8 giusto che sia perch\u00e9 d&#8217;interesse pubblico, ma la presidente Censi non ha ritenuto di dedicare nemmeno uno slot della commissione su un\u2019infrastruttura strategica come questa. E l\u2019assessore ai Traporti Di Cocco si \u00e8 guardato bene dal suggerire una convocazione sul tema\u00bb.<\/p>\n<p style=\"text-align: justify;\">Quanto al nuovo percorso previsto dal progetto: \u00abL\u2019\u201cex metro leggera\u201d sar\u00e0 costituita da un\u2019infrastruttura percorsa da navette elettriche, cos\u00ec apprendiamo dalla stampa, e non passer\u00e0 pi\u00f9 su via Epitaffio, ma sull\u2019Appia e la strada della Chiesuola, davanti alle casermette, fino a Borgo Piave. Evitando gli espropri sull\u2019Epitaffio, l\u2019opera sar\u00e0 pi\u00f9 sostenibile economicamente e pi\u00f9 attrattiva rispetto all&#8217;utenza, cos\u00ec i tecnici avrebbero giustificato la modifica progettuale. C\u2019\u00e8 da chiedersi come possa essere pi\u00f9 attrattiva un\u2019infrastruttura che allunga non di poco il percorso rispetto a una soluzione che collega direttamente e anche pi\u00f9 rapidamente Latina Scalo con Latina. Quanto tempo ci vorr\u00e0 per raggiungere la stazione?\u00bb.<br \/>\nLa consigliera si chiede inoltre: \u00abChe fine ha fatto il collegamento con la marina che da sempre rappresenta una criticit\u00e0 per il trasporto pubblico a Latina e previsto in origine nel progetto della<br \/>\nnuova infrastruttura?\u00bb.<\/p>\n<div class=\"radio-posizionamento-telefono-in-articoli-dopo-il-contenuto-articolo radio-entity-placement\" id=\"radio-1399079950\"><div id=\"radio-1110169540\" style=\"width: 300px;height: 250px;\"><a href=\"https:\/\/www.icarspa.it\/auto\/usate\/latina\/\" aria-label=\"banner aprile icar new life &#8211; auto usate latina\"><img loading=\"lazy\" decoding=\"async\" src=\"https:\/\/www.radioluna.it\/news\/wp-content\/uploads\/2026\/02\/banner-aprile-icar-new-life-auto-usate-latina.gif\" alt=\"\"  width=\"300\" height=\"250\"   \/><\/a><\/div><\/div>","protected":false},"excerpt":{"rendered":"<p>LATINA &#8211; \u00abSiamo alle solite: la maggioranza di centrodestra decide in riunioni carbonare nelle segrete stanze in merito ad opere strategiche per la citt\u00e0\u00bb. Lo dichiara la capogruppo del M5S, Maria Grazia Ciolfi, dopo aver appreso dalla stampa dell\u2019imminente approvazione in giunta del progetto che porter\u00e0 alla realizzazione di un\u2019infrastruttura di collegamento tra Latina e [&hellip;]<\/p>\n","protected":false},"author":60,"featured_media":351658,"comment_status":"open","ping_status":"open","sticky":false,"template":"","format":"standard","meta":{"footnotes":""},"categories":[8],"tags":[],"class_list":["post-360756","post","type-post","status-publish","format-standard","has-post-thumbnail","hentry","category-politica"],"_links":{"self":[{"href":"https:\/\/www.radioluna.it\/news\/wp-json\/wp\/v2\/posts\/360756","targetHints":{"allow":["GET"]}}],"collection":[{"href":"https:\/\/www.radioluna.it\/news\/wp-json\/wp\/v2\/posts"}],"about":[{"href":"https:\/\/www.radioluna.it\/news\/wp-json\/wp\/v2\/types\/post"}],"author":[{"embeddable":true,"href":"https:\/\/www.radioluna.it\/news\/wp-json\/wp\/v2\/users\/60"}],"replies":[{"embeddable":true,"href":"https:\/\/www.radioluna.it\/news\/wp-json\/wp\/v2\/comments?post=360756"}],"version-history":[{"count":1,"href":"https:\/\/www.radioluna.it\/news\/wp-json\/wp\/v2\/posts\/360756\/revisions"}],"predecessor-version":[{"id":360757,"href":"https:\/\/www.radioluna.it\/news\/wp-json\/wp\/v2\/posts\/360756\/revisions\/360757"}],"wp:featuredmedia":[{"embeddable":true,"href":"https:\/\/www.radioluna.it\/news\/wp-json\/wp\/v2\/media\/351658"}],"wp:attachment":[{"href":"https:\/\/www.radioluna.it\/news\/wp-json\/wp\/v2\/media?parent=360756"}],"wp:term":[{"taxonomy":"category","embeddable":true,"href":"https:\/\/www.radioluna.it\/news\/wp-json\/wp\/v2\/categories?post=360756"},{"taxonomy":"post_tag","embeddable":true,"href":"https:\/\/www.radioluna.it\/news\/wp-json\/wp\/v2\/tags?post=360756"}],"curies":[{"name":"wp","href":"https:\/\/api.w.org\/{rel}","templated":true}]}}