{"id":360805,"date":"2024-09-25T10:44:14","date_gmt":"2024-09-25T08:44:14","guid":{"rendered":"https:\/\/www.radioluna.it\/news\/?p=360805"},"modified":"2024-09-28T09:09:54","modified_gmt":"2024-09-28T07:09:54","slug":"stagione-teatrale-dannunzio-si-comincia-fra-un-mese","status":"publish","type":"post","link":"https:\/\/www.radioluna.it\/news\/2024\/09\/stagione-teatrale-dannunzio-si-comincia-fra-un-mese\/","title":{"rendered":"Stagione Teatrale D&#8217;Annunzio, si comincia fra un mese"},"content":{"rendered":"<div id=\"fb-root\"><\/div>\n<p><strong>LATINA<\/strong> &#8211; E&#8217; aperta la campagna abbonamenti alla<strong> stagione teatrale del Teatro D&#8217;Annunzio di Latina<\/strong> promossa da<strong> Comune di Latina e ATCL<\/strong>, tra grandi classici, nuova drammaturgia, musica e commedia, con in scena importanti interpreti del panorama teatrale. Manca poco pi\u00f9 di un mese al debutto.<\/p>\n<p style=\"text-align: justify;\">\u201cIl programma scelto costituisce un\u2019offerta culturale di pregio, attrattiva e che andr\u00e0 a soddisfare un pubblico variegato. Visto il successo della passata stagione, abbiamo rinnovato la collaborazione con ATCL, che ci ha dato molte opzioni di scelta. Un ventaglio di proposte all\u2019interno del quale ho operato una selezione pensata alle aspettative dei cittadini, con un calendario inclusivo che consente la condivisione del teatro, quale bene comune, perch\u00e9 il teatro deve essere di tutti\u201d, ha detto in occasione della presentazione <strong>la sindaca di Latina Matilde Celentano<\/strong> sottolineando la funzione del teatro anche come &#8220;momento di incontro, di sentire condiviso, di riflessione e coesione sociale, uno strumento per interpretare il vivere contemporaneo&#8221;.<\/p>\n<p style=\"text-align: justify;\">Terminata la prelazione per i vecchi abbonati,\u00a0 <strong>\u00e8 aperto il botteghino del Teatro<\/strong> (gioved\u00ec e venerd\u00ec ore 16-19; sabato ore 10-13 e 16-19), con l&#8217;obiettivo di superare i 300 abbonamenti<\/p>\n<p style=\"text-align: justify;\"><strong>IL PROGRAMMA<\/strong> &#8211; Si inizia il <strong>31 ottobre<\/strong> alle ore 21,00 con <strong>\u201cAspettando Re Lear\u201d<\/strong>. Un&#8217;affascinante messa in scena, firmata <strong>Tommaso Mattei<\/strong>, con l\u2019interpretazione protagonista di Alessandro Preziosi, si aggrappa con tutte le forze ai temi cari trattati da Shakespeare in questa tragedia e lo fa con un contorno scenico, interpretativo e soprattutto drammaturgico di nuova spinta, innovazione. E\u2019 un punto di vista diverso di uno Shakespeare, dove al centro per\u00f2 rimane follia, abbandono, maturit\u00e0 e potere.<\/p>\n<p style=\"text-align: justify;\">Il <strong>19 novembre<\/strong>, alle ore 21,00 andr\u00e0 in scena <strong>\u201cLa locandiera\u201d<\/strong>, testo tra i pi\u00f9 fortunati e rappresentati di<strong> Carlo Goldoni<\/strong>. La locandiera, dal punto di vista del r<strong>egista Antonio Latella<\/strong>, verte intorno al tema dell\u2019eredit\u00e0, che \u00e8 il punto cardine di tutto: \u201ccredo che Goldoni con questo testo abbia fatto un gesto artistico potente ed estremo, un gesto di sconvolgente contemporaneit\u00e0: scardina ogni tipo di meccanismo, eleva una donna formalmente a servizio dei suoi clienti a donna capace di sconfiggere tutto l\u2019universo maschile, soprattutto una donna che annienta con la sua abilit\u00e0 tutta l\u2019aristocrazia.\u201d Sul palco, insieme alla \u201clocandiera\u201d <strong>Sonia Bergamasco, Marta Cortellazzo Wiel, Ludovico Fededegni, Giovanni Franzoni, Francesco Manetti, Annibale Pavone, Gabriele Pestilli e Marta Pizzigallo<\/strong>.<\/p>\n<p style=\"text-align: justify;\"><strong>Milena Vukotic, Pino Micol e Gianluca Ferrato, con la regia di Geppy Gleijeses, <\/strong>saranno protagonisti di<strong> \u201cCos\u00ec \u00e8 (se vi pare)\u201d di Luigi Pirandello<\/strong>, il <strong>21 dicembre<\/strong> alle ore 21,00. Scritta nel 1917, presenta il vano tentativo di far luce, in una citt\u00e0 di provincia, sull\u2019identit\u00e0 della moglie del nuovo segretario della Prefettura. L\u2019idea dell\u2019allestimento nasce da una strepitosa intuizione di Giovanni Macchia, il pi\u00f9 rilevante critico di Pirandello: il cannocchiale rovesciato. \u201cLe cose pi\u00f9 vicine, vissute, torturanti, furono viste con il binocolo rovesciato: da quella distanza che ne permettesse la meditazione assorta o l\u2019ironia o addirittura il grottesco\u201d<\/p>\n<p style=\"text-align: justify;\">Il nuovo anno si apre il<strong> 10 gennaio<\/strong> alle ore 21,00 con un classico di <strong>Giovanni Verga, \u201cLa Lupa\u201d<\/strong>. Un<strong> progetto drammaturgico di Luana Rondinelli con la regia di Donatella Finocchiaro<\/strong>. Pubblicato per la prima volta nel 1880 e ambientato nella Sicilia del XIX secolo, il romanzo si concentra sulle vicende di una famiglia di contadini poveri e sulle loro interazioni con il mondo esterno.\u00a0 Oggi come ieri, \u00e8 la donna che non si vergogna della sua sensualit\u00e0 e viene per questo additata dal contesto sociale perch\u00e9 libera, strana, diversa. Il gioco tra vittima e carnefice \u00e8 un gioco al massacro nel quale convivono peccato e follia.<\/p>\n<p style=\"text-align: justify;\">Il <strong>25 gennaio<\/strong> alle ore 21,00 <strong>\u201cIl Sequestro\u201d di Fran Nortes, con Roberto Ciufoli, Sarah Biacchi e Nino Formicola per la regia di Rosario Lisma<\/strong>. Per sventare la speculazione edilizia che metterebbe sulla strada decine di famiglie, fra cui la sua, il buon Paolo pensa bene di sequestrare il giovane Angelo, figlio di colui che si accinge a firmare il decreto. Ma non ha fatto i\u00a0 conti con l\u2019intraprendenza della vulcanica sorella Monica. E ancor meno con la ingenua sventatezza del cognato Mauro, che garantisce un\u2019inarrestabile serie di esilaranti equivoci e fraintendimenti. interpretati da un irresistibile quintetto di attori.<\/p>\n<p style=\"text-align: justify;\"><strong>Enrico Lo Verso e Danilo Rea<\/strong> con il loro nuovo spettacolo \u201c<strong>Resta Diva, omaggio a Maria Callas\u201d<\/strong>, il<strong> 16 febbraio<\/strong> alle ore 18,30, portano\u00a0 in scena uno spettacolo che racconta la vita de \u201cLa Divina\u201d affrontando il tema della \u201cdimensione umana\u201d dietro cui si nasconde il talento artistico dei grandi geni. Enrico Lo Verso d\u00e0 voce al racconto di Titta Meneghini e in una biografia romanzata ripercorre la vita di Maria Callas attraverso lo sguardo degli uomini che le sono stati accanto e che, tra scandali, dolore e sofferenza, hanno contribuito a fare di lei, un\u2019icona irraggiungibile di bellezza e di talento nazionali. Una messa in scena suggestiva che si avvale di proiezioni e contributi video riportando lo spettatore nel mondo in cui nasce e si afferma l\u2019icona di una artista a cui, la crudelt\u00e0 e le miserie umane non hanno impedito di restare per sempre e comunque una \u201cdiva\u201d.<\/p>\n<p style=\"text-align: justify;\">Il <strong>7 marzo<\/strong> alle ore 21,00, uno dei testi pi\u00f9 avvincenti di Gianni Clementi, <strong>\u201cL&#8217;Ebreo\u201d, con Nancy Brilli e la regia di Pierluigi Iorio<\/strong>. Un&#8217;opera nella quale albergano diversi temi storicamente legati a un tempo apparentemente lontano che risultano ancora oggi tristemente attuali. Ambientato a met\u00e0 degli anni Cinquanta, con il dichiarato intento di indagare l\u2019animo umano e il grado di aberrazione al quale si pu\u00f2 arrivare pur di non perdere i privilegi acquisiti, la storia restituisce una commedia noir che riesce a divertire e creare suspence, regalare sentimenti di tenerezza e finanche indignare, in una vera e propria ridda di emozioni verso un finale decisamente inatteso.<\/p>\n<p>Il <strong>26 marzo<\/strong> alle ore 21,00 \u201ccaler\u00e0 il sipario\u201d sulla stagione teatrale con <strong>Arturo Cirillo che porta in scena \u201cFerdinando\u201d<\/strong>, capolavoro della drammaturgia di <strong>Annibale Ruccello<\/strong>. Con Cirillo, sul palco, Sabrina Scuccimarra, Anna Rita Vitolo e Riccardo Ciccarelli. Agosto 1870: il Regno delle Due Sicilie \u00e8 caduto e la baronessa borbonica Donna Clotilde nella sua villa vesuviana si \u00e8 \u201cammalata\u201d di disprezzo per il re sabaudo e per l\u2019Italia piccolo-borghese nata dalla recente unificazione. A fare da infermiera all\u2019ipocondriaca nobildonna \u00e8 Gesualda, cugina povera e inacidita dal nubilato, ma segreta amante di Don Catellino, prete di famiglia corrotto e vizioso. I giorni passano tutti uguali, tra pasticche, decotti, rancori e bugie. A sconvolgere lo stagnante equilibrio domestico \u00e8 l\u2019arrivo di un sedicenne dalla bellezza efebica che, rimasto orfano, viene mandato a vivere da Donna Clotilde, di cui risulta essere un lontano nipote. Sar\u00e0 lui a gettare lo scompiglio nella casa, riaccendendo passioni sopite e smascherando vecchi delitti.<\/p>\n<p><strong>Abbonamenti in vendita:<\/strong><\/p>\n<p>Platea: Intero 180 \u20ac &#8211; Ridotto 170 \u20ac<\/p>\n<p>Palchi platea, I Galleria, Palchi galleria I ord: Intero 170 \u20ac &#8211; Ridotto 160 \u20ac<\/p>\n<p>II Galleria, Palchi galleria II ord: Intero 150 \u20ac &#8211; Ridotto 140 \u20ac<\/p>\n<p>&nbsp;<\/p>\n<p><strong>Biglietti<\/strong><\/p>\n<p>Platea: Intero 27 \u20ac +d.p. &#8211; Ridotto 25 \u20ac+d.p<\/p>\n<p>Palchi platea, I Galleria, Palchi galleria I ord: Intero 25 \u20ac +d.p. &#8211; Ridotto 23 \u20ac+d.p.<\/p>\n<p>II Galleria, Palchi galleria II ord: Intero 22 \u20ac +d.p. &#8211; Ridotto 20 \u20ac+d.p.<\/p>\n<p>&nbsp;<\/p>\n<p>&nbsp;<\/p>\n<p>&nbsp;<\/p>\n<div class=\"radio-posizionamento-telefono-in-articoli-dopo-il-contenuto-articolo radio-entity-placement\" id=\"radio-1288506363\"><div id=\"radio-3578907718\"><a href=\"https:\/\/grupporedi.it\/\" aria-label=\"Redi-Qr\"><img loading=\"lazy\" decoding=\"async\" src=\"https:\/\/www.radioluna.it\/news\/wp-content\/uploads\/2026\/03\/Redi-Qr.jpg\" alt=\"\"  srcset=\"https:\/\/www.radioluna.it\/news\/wp-content\/uploads\/2026\/03\/Redi-Qr.jpg 800w, https:\/\/www.radioluna.it\/news\/wp-content\/uploads\/2026\/03\/Redi-Qr-768x639.jpg 768w\" sizes=\"(max-width: 800px) 100vw, 800px\" width=\"300\" height=\"250\"   \/><\/a><\/div><\/div>","protected":false},"excerpt":{"rendered":"<p>LATINA &#8211; E&#8217; aperta la campagna abbonamenti alla stagione teatrale del Teatro D&#8217;Annunzio di Latina promossa da Comune di Latina e ATCL, tra grandi classici, nuova drammaturgia, musica e commedia, con in scena importanti interpreti del panorama teatrale. Manca poco pi\u00f9 di un mese al debutto. \u201cIl programma scelto costituisce un\u2019offerta culturale di pregio, attrattiva [&hellip;]<\/p>\n","protected":false},"author":60,"featured_media":360810,"comment_status":"open","ping_status":"open","sticky":false,"template":"","format":"gallery","meta":{"footnotes":""},"categories":[16],"tags":[],"class_list":["post-360805","post","type-post","status-publish","format-gallery","has-post-thumbnail","hentry","category-appuntamenti","post_format-post-format-gallery"],"_links":{"self":[{"href":"https:\/\/www.radioluna.it\/news\/wp-json\/wp\/v2\/posts\/360805","targetHints":{"allow":["GET"]}}],"collection":[{"href":"https:\/\/www.radioluna.it\/news\/wp-json\/wp\/v2\/posts"}],"about":[{"href":"https:\/\/www.radioluna.it\/news\/wp-json\/wp\/v2\/types\/post"}],"author":[{"embeddable":true,"href":"https:\/\/www.radioluna.it\/news\/wp-json\/wp\/v2\/users\/60"}],"replies":[{"embeddable":true,"href":"https:\/\/www.radioluna.it\/news\/wp-json\/wp\/v2\/comments?post=360805"}],"version-history":[{"count":1,"href":"https:\/\/www.radioluna.it\/news\/wp-json\/wp\/v2\/posts\/360805\/revisions"}],"predecessor-version":[{"id":360813,"href":"https:\/\/www.radioluna.it\/news\/wp-json\/wp\/v2\/posts\/360805\/revisions\/360813"}],"wp:featuredmedia":[{"embeddable":true,"href":"https:\/\/www.radioluna.it\/news\/wp-json\/wp\/v2\/media\/360810"}],"wp:attachment":[{"href":"https:\/\/www.radioluna.it\/news\/wp-json\/wp\/v2\/media?parent=360805"}],"wp:term":[{"taxonomy":"category","embeddable":true,"href":"https:\/\/www.radioluna.it\/news\/wp-json\/wp\/v2\/categories?post=360805"},{"taxonomy":"post_tag","embeddable":true,"href":"https:\/\/www.radioluna.it\/news\/wp-json\/wp\/v2\/tags?post=360805"}],"curies":[{"name":"wp","href":"https:\/\/api.w.org\/{rel}","templated":true}]}}