{"id":360879,"date":"2024-09-26T14:05:10","date_gmt":"2024-09-26T12:05:10","guid":{"rendered":"https:\/\/www.radioluna.it\/news\/?p=360879"},"modified":"2024-09-26T14:05:10","modified_gmt":"2024-09-26T12:05:10","slug":"la-fondazione-varaldo-di-pietro-collabora-con-la-fondazione-mennea-per-levento-oltre-il-traguardo-mennea-per-i-quartieri","status":"publish","type":"post","link":"https:\/\/www.radioluna.it\/news\/2024\/09\/la-fondazione-varaldo-di-pietro-collabora-con-la-fondazione-mennea-per-levento-oltre-il-traguardo-mennea-per-i-quartieri\/","title":{"rendered":"La Fondazione Varaldo Di Pietro collabora con la Fondazione Mennea per l&#8217;evento: &#8220;Oltre il traguardo, Mennea per i quartieri&#8221;"},"content":{"rendered":"<div id=\"fb-root\"><\/div>\n<p style=\"text-align: justify;\"><strong>LATINA &#8211;<\/strong> La Fondazione Varaldo Di Pietro di Latina, impegnata da anni per il sociale nel segno dei valori della solidariet\u00e0 e dell\u2019inclusione, prende parte alla \u00a0manifestazione \u201cOltre il traguardo \u2013 Mennea per i quartieri\u201d, che si terr\u00e0 il 28 e 29 settembre 2024 a Napoli, nel cuore del Quartiere Sanit\u00e0, promossa dalla Fondazione Pietro Mennea Onlus per la Ricerca e lo Sport. Una partnership che si rinnova, quella tra le due fondazioni, dopo che lo scorso anno le stesse hanno dato vita a una edizione speciale del prestigioso premio internazionale \u201cMecenate dello Sport\u201d, dedicata alla memoria di un simbolo mondiale dei valori sportivi quale Pietro Mennea.<\/p>\n<p style=\"text-align: justify;\">\u201cRingrazio la presidente della Fondazione Pietro Mennea Onlus per la Ricerca e lo Sport, Manuela Olivieri Mennea, per aver invitato la nostra fondazione al bellissimo evento di Napoli &#8211; afferma il dott. Giovanni Di Pietro, presidente della Fondazione Varaldo Di Pietro &#8211; Con la fondazione Mennea abbiamo una condivisione di valori comuni e anche i temi e gli obiettivi di questo evento sono affini ai nostri valori: promuovere l\u2019inclusione sociale attraverso lo sport, diffondere i principi di legalit\u00e0 e rispetto delle regole, offrire accesso a spazi ricreativi, culturali e sportivi ai minori delle classi meno abbienti, sensibilizzare la comunit\u00e0 sui benefici di stili di vita sani e cooperativi. Sar\u00e0 per noi l\u2019occasione per affermare i nostri valori e daremo la possibilit\u00e0 ai presenti di poter conoscere il libro &#8220;The Call to Unite&#8221;, di Tim Shriver, uno straordinario affresco sui valori dell\u2019inclusione e della solidariet\u00e0 umana, che lo scorso anno abbiamo avuto l\u2019onore di presentare negli spazi dello Zoo di Berlino, nel corso di un bellissimo evento internazionale\u201d.<\/p>\n<p style=\"text-align: justify;\">Alla manifestazione in programma a Napoli, alla presenza di numerosi ospiti del mondo giudiziario, forense e sportivo per parlare di cultura della legalit\u00e0, oltre agli interventi delle istituzioni sul tema \u201cSport e Legalit\u00e0\u201d, i partecipanti potranno assistere a una serie di esibizioni sportive che vedranno coinvolte diverse discipline: dalla pallavolo al calcio, dalle arti marziali al paddle. Le competizioni saranno un&#8217;occasione per dimostrare come lo sport possa essere un veicolo di valori positivi e di inclusione.<\/p>\n<p style=\"text-align: justify;\">Il programma prevede anche numerose attivit\u00e0 culturali, con spettacoli itineranti, rappresentazioni teatrali e musicali che animeranno le vie del quartiere. La manifestazione si arricchir\u00e0 con la proiezione del docufilm &#8220;Il Mennea segreto&#8221; .<\/p>\n<p style=\"text-align: justify;\">Grazie al supporto della Fondazione San Gennaro, tutti gli eventi si svolgeranno presso il Centro Sportivo San Gennaro dei Poveri, un luogo simbolo per la comunit\u00e0, che per due giorni diventer\u00e0 il centro di una serie di attivit\u00e0 che coniugano sport, cultura e legalit\u00e0.<\/p>\n<p>\u00a0Tutte le informazioni, gli orari e i dettagli dell\u2019evento potranno essere consultati sul sito<a href=\"webhttps:\/\/www.menneaperiquartieri.it\"> webhttps:\/\/www.menneaperiquartieri.it<\/a>.<\/p>\n<p>&nbsp;<\/p>\n<p>&nbsp;<\/p>\n<p>&nbsp;<\/p>\n<div class=\"radio-posizionamento-telefono-in-articoli-dopo-il-contenuto-articolo radio-entity-placement\" id=\"radio-3289687668\"><div id=\"radio-2806598617\"><a href=\"https:\/\/www.simeoneceramiche.com\/\" aria-label=\"SIMEONE CERAMICHE GIF animata per radioluna_Tavola disegno 1 copia 2 (online-video-cutter.com)\"><img loading=\"lazy\" decoding=\"async\" src=\"https:\/\/www.radioluna.it\/news\/wp-content\/uploads\/2025\/05\/SIMEONE-CERAMICHE-GIF-animata-per-radioluna_Tavola-disegno-1-copia-2-online-video-cutter.com_.gif\" alt=\"\"  width=\"300\" height=\"250\"   \/><\/a><\/div><\/div>","protected":false},"excerpt":{"rendered":"<p>LATINA &#8211; La Fondazione Varaldo Di Pietro di Latina, impegnata da anni per il sociale nel segno dei valori della solidariet\u00e0 e dell\u2019inclusione, prende parte alla \u00a0manifestazione \u201cOltre il traguardo \u2013 Mennea per i quartieri\u201d, che si terr\u00e0 il 28 e 29 settembre 2024 a Napoli, nel cuore del Quartiere Sanit\u00e0, promossa dalla Fondazione Pietro [&hellip;]<\/p>\n","protected":false},"author":5430,"featured_media":360880,"comment_status":"open","ping_status":"open","sticky":false,"template":"","format":"standard","meta":{"footnotes":""},"categories":[734,17],"tags":[],"class_list":["post-360879","post","type-post","status-publish","format-standard","has-post-thumbnail","hentry","category-evidenza","category-sport"],"_links":{"self":[{"href":"https:\/\/www.radioluna.it\/news\/wp-json\/wp\/v2\/posts\/360879","targetHints":{"allow":["GET"]}}],"collection":[{"href":"https:\/\/www.radioluna.it\/news\/wp-json\/wp\/v2\/posts"}],"about":[{"href":"https:\/\/www.radioluna.it\/news\/wp-json\/wp\/v2\/types\/post"}],"author":[{"embeddable":true,"href":"https:\/\/www.radioluna.it\/news\/wp-json\/wp\/v2\/users\/5430"}],"replies":[{"embeddable":true,"href":"https:\/\/www.radioluna.it\/news\/wp-json\/wp\/v2\/comments?post=360879"}],"version-history":[{"count":1,"href":"https:\/\/www.radioluna.it\/news\/wp-json\/wp\/v2\/posts\/360879\/revisions"}],"predecessor-version":[{"id":360881,"href":"https:\/\/www.radioluna.it\/news\/wp-json\/wp\/v2\/posts\/360879\/revisions\/360881"}],"wp:featuredmedia":[{"embeddable":true,"href":"https:\/\/www.radioluna.it\/news\/wp-json\/wp\/v2\/media\/360880"}],"wp:attachment":[{"href":"https:\/\/www.radioluna.it\/news\/wp-json\/wp\/v2\/media?parent=360879"}],"wp:term":[{"taxonomy":"category","embeddable":true,"href":"https:\/\/www.radioluna.it\/news\/wp-json\/wp\/v2\/categories?post=360879"},{"taxonomy":"post_tag","embeddable":true,"href":"https:\/\/www.radioluna.it\/news\/wp-json\/wp\/v2\/tags?post=360879"}],"curies":[{"name":"wp","href":"https:\/\/api.w.org\/{rel}","templated":true}]}}