{"id":361177,"date":"2024-10-01T18:52:00","date_gmt":"2024-10-01T16:52:00","guid":{"rendered":"https:\/\/www.radioluna.it\/news\/?p=361177"},"modified":"2024-10-17T16:00:54","modified_gmt":"2024-10-17T14:00:54","slug":"guglielmo-marconi-il-nipote-vi-presento-luomo-che-ha-cambiato-il-mondo","status":"publish","type":"post","link":"https:\/\/www.radioluna.it\/news\/2024\/10\/guglielmo-marconi-il-nipote-vi-presento-luomo-che-ha-cambiato-il-mondo\/","title":{"rendered":"Guglielmo Marconi, il nipote: &#8220;Vi presento l&#8217;uomo che ha cambiato il mondo&#8221;"},"content":{"rendered":"<div id=\"fb-root\"><\/div>\n<p><strong>LATINA &#8211;\u00a0<\/strong>Un evento dal titolo &#8220;L&#8217;uomo che cambi\u00f2 il mondo&#8221; si \u00e8 svolto questa mattina presso l&#8217;istituto Marconi di Latina in onore proprio dello scienziato Guglielmo Marconi nell&#8217;anno in cui ricorre il 150esimo anniversario dalla sua nascita. Tantissimi gli studenti presenti, alcuni anche in collegamento e tutte le autorit\u00e0 civili e militari della provincia. Ospite d&#8217;onore il nipote, Guglielmo Giovanelli Marconi che ha voluto raccontare ai ragazzi non solo lo scienziato, vincitore del premio Nobel per la Fisica, ma anche l&#8217;uomo che c&#8217;era dietro, amante della musica, della letteratura, dell&#8217;arte e del mare.<\/p>\n<p>&#8220;Ai ragazzi dico: non vi scoraggate perch\u00e9 lui \u00e8 stato bocciato all&#8217;universit\u00e0 proprio in fisica, poi ha vinto il nobel. Ha fondato la prima compagnia telefonica del mondo, \u00e8 stato il precursore della modernit\u00e0, compreso quel cellulare senza cui nessuno di noi oggi potrebbe stare&#8221;.<br \/>\n<!--\/data\/user\/0\/com.samsung.android.app.notes\/files\/clipdata\/clipdata_bodytext_241001_181903_299.sdocx--><\/p>\n<p>ASCOLTA GUGLIELMO GIOVANELLI MARCONI<\/p>\n<audio class=\"wp-audio-shortcode\" id=\"audio-361177-1\" preload=\"none\" style=\"width: 100%;\" controls=\"controls\"><source type=\"audio\/mpeg\" src=\"https:\/\/www.radioluna.it\/news\/wp-content\/uploads\/2024\/10\/MARCONI-MARCONI.mp3?_=1\" \/><a href=\"https:\/\/www.radioluna.it\/news\/wp-content\/uploads\/2024\/10\/MARCONI-MARCONI.mp3\">https:\/\/www.radioluna.it\/news\/wp-content\/uploads\/2024\/10\/MARCONI-MARCONI.mp3<\/a><\/audio>\n<p>&#8220;Bisogna sempre credere nelle proprie capacit\u00e0, i ragazzi da questi incontri, voglio che prendano proprio lo spunto per capire qual \u00e8 il loro posto nel mondo, spronando quella volont\u00e0 che \u00e8 fondamentale per riuscire nella vita&#8221;, ha detto il presidente della Provincia Gerardo Stefanelli<\/p>\n<p>ASCOLTA STEFANELLI<\/p>\n<audio class=\"wp-audio-shortcode\" id=\"audio-361177-2\" preload=\"none\" style=\"width: 100%;\" controls=\"controls\"><source type=\"audio\/mpeg\" src=\"https:\/\/www.radioluna.it\/news\/wp-content\/uploads\/2024\/10\/STEFANELLI-MARCONI.mp3?_=2\" \/><a href=\"https:\/\/www.radioluna.it\/news\/wp-content\/uploads\/2024\/10\/STEFANELLI-MARCONI.mp3\">https:\/\/www.radioluna.it\/news\/wp-content\/uploads\/2024\/10\/STEFANELLI-MARCONI.mp3<\/a><\/audio>\n<p>La sindaca di Latina, Matilde Celentano, ha sottolineato come ricordare e raccontare il personaggio grazie all&#8217;aiuto del nipote sia una grande opportunit\u00e0 per i ragazzi &#8220;Una giornata realizzata grazie all&#8217;impegno di tutti&#8221;<\/p>\n<p>ASCOLTA CELENTANO<\/p>\n<audio class=\"wp-audio-shortcode\" id=\"audio-361177-3\" preload=\"none\" style=\"width: 100%;\" controls=\"controls\"><source type=\"audio\/mpeg\" src=\"https:\/\/www.radioluna.it\/news\/wp-content\/uploads\/2024\/10\/CELENTANO-MARCONI.mp3?_=3\" \/><a href=\"https:\/\/www.radioluna.it\/news\/wp-content\/uploads\/2024\/10\/CELENTANO-MARCONI.mp3\">https:\/\/www.radioluna.it\/news\/wp-content\/uploads\/2024\/10\/CELENTANO-MARCONI.mp3<\/a><\/audio>\n<p>&#8220;Per noi non \u00e8 solo importante avere Guglielmo Giovanelli Marconi qui con noi, ma \u00e8 importante ricordare la figura dello scienziato perch\u00e9 la nostra scuola si fonda e segue proprio i suoi stessi valori&#8221;, ha detto la dirigente Ester Scarabello<\/p>\n<p>ASCOLTA LA DIRIGENTE SCOLASTICA\u00a0 ESTER SCARABELLO<\/p>\n<audio class=\"wp-audio-shortcode\" id=\"audio-361177-4\" preload=\"none\" style=\"width: 100%;\" controls=\"controls\"><source type=\"audio\/mpeg\" src=\"https:\/\/www.radioluna.it\/news\/wp-content\/uploads\/2024\/10\/SCARABELLO-MARCONI.mp3?_=4\" \/><a href=\"https:\/\/www.radioluna.it\/news\/wp-content\/uploads\/2024\/10\/SCARABELLO-MARCONI.mp3\">https:\/\/www.radioluna.it\/news\/wp-content\/uploads\/2024\/10\/SCARABELLO-MARCONI.mp3<\/a><\/audio>\n<p>Un incontro che \u00e8 stato possibile realizzare grazie al giornalista Sandro Sassoli che da sempre ha un grande legame con la famiglia Marconi<\/p>\n<p>ASCOLTA SASSOLI<\/p>\n<audio class=\"wp-audio-shortcode\" id=\"audio-361177-5\" preload=\"none\" style=\"width: 100%;\" controls=\"controls\"><source type=\"audio\/mpeg\" src=\"https:\/\/www.radioluna.it\/news\/wp-content\/uploads\/2024\/10\/SASSOLI-MARCONI.mp3?_=5\" \/><a href=\"https:\/\/www.radioluna.it\/news\/wp-content\/uploads\/2024\/10\/SASSOLI-MARCONI.mp3\">https:\/\/www.radioluna.it\/news\/wp-content\/uploads\/2024\/10\/SASSOLI-MARCONI.mp3<\/a><\/audio>\n<p>L&#8217;assessora all&#8217;istruzione Francesca Tesone ha sottolineato l&#8217;importanza dell&#8217;incontro per i ragazzi: &#8220;Un&#8217;opportunit\u00e0 per pensare al futuro guardando la passato&#8221;<\/p>\n<p>ASCOLTA L&#8217;ASSESSORA FRANCESCA TESONE<\/p>\n<audio class=\"wp-audio-shortcode\" id=\"audio-361177-6\" preload=\"none\" style=\"width: 100%;\" controls=\"controls\"><source type=\"audio\/mpeg\" src=\"https:\/\/www.radioluna.it\/news\/wp-content\/uploads\/2024\/10\/TESONE-MARCONI.mp3?_=6\" \/><a href=\"https:\/\/www.radioluna.it\/news\/wp-content\/uploads\/2024\/10\/TESONE-MARCONI.mp3\">https:\/\/www.radioluna.it\/news\/wp-content\/uploads\/2024\/10\/TESONE-MARCONI.mp3<\/a><\/audio>\n<p>L&#8217;idea di questo incontro \u00e8 nata grazie alla commissione istruzione del Comune di Latina, guidata da Giuseppe Coriddi, che spiega: &#8220;Tutti quanti insieme abbiamo voluto fortemente realizzare questa iniziativa perch\u00e9 non c&#8217;\u00e8 nessuno pi\u00f9 attuale di Marconi e raccontarlo ai ragazzi grazie al nipote \u00e8 un&#8217;occasione per tutti&#8221;<\/p>\n<p>ASCOLTA IL PRESIDENTE COMMISSIONE SCUOLA GIUSEPPE CORIDDI<\/p>\n<audio class=\"wp-audio-shortcode\" id=\"audio-361177-7\" preload=\"none\" style=\"width: 100%;\" controls=\"controls\"><source type=\"audio\/mpeg\" src=\"https:\/\/www.radioluna.it\/news\/wp-content\/uploads\/2024\/10\/CORIDDI-MARCONI.mp3?_=7\" \/><a href=\"https:\/\/www.radioluna.it\/news\/wp-content\/uploads\/2024\/10\/CORIDDI-MARCONI.mp3\">https:\/\/www.radioluna.it\/news\/wp-content\/uploads\/2024\/10\/CORIDDI-MARCONI.mp3<\/a><\/audio>\n<p>Tra i presenti all&#8217;incontro, la deputata Giovanna Miele, secondo la quale &#8220;Questo incontro \u00e8 motivo di vanto per la scuola e per Latina. I ragazzi hanno avuto una bellissima opportunit\u00e0, anche di conoscere aspetti inediti di questo scienziato che \u00e8 stato precursore del futuro, quindi a loro dico: seguite il suo esempio&#8221;.<\/p>\n<p>ASCOLTA LA DEPUTATA GIOVANNA MIELE<\/p>\n<audio class=\"wp-audio-shortcode\" id=\"audio-361177-8\" preload=\"none\" style=\"width: 100%;\" controls=\"controls\"><source type=\"audio\/mpeg\" src=\"https:\/\/www.radioluna.it\/news\/wp-content\/uploads\/2024\/10\/GIOVANNA-MIELE-MARCONI.mp3?_=8\" \/><a href=\"https:\/\/www.radioluna.it\/news\/wp-content\/uploads\/2024\/10\/GIOVANNA-MIELE-MARCONI.mp3\">https:\/\/www.radioluna.it\/news\/wp-content\/uploads\/2024\/10\/GIOVANNA-MIELE-MARCONI.mp3<\/a><\/audio>\n<p>&nbsp;<\/p>\n<div class=\"radio-posizionamento-telefono-in-articoli-dopo-il-contenuto-articolo radio-entity-placement\" id=\"radio-1831861744\"><div id=\"radio-3208007777\" style=\"width: 300px;height: 250px;\"><a href=\"https:\/\/www.icarspa.it\/auto\/usate\/latina\/\" aria-label=\"banner aprile icar new life &#8211; auto usate latina\"><img loading=\"lazy\" decoding=\"async\" src=\"https:\/\/www.radioluna.it\/news\/wp-content\/uploads\/2026\/02\/banner-aprile-icar-new-life-auto-usate-latina.gif\" alt=\"\"  width=\"300\" height=\"250\"   \/><\/a><\/div><\/div>","protected":false},"excerpt":{"rendered":"<p>LATINA &#8211;\u00a0Un evento dal titolo &#8220;L&#8217;uomo che cambi\u00f2 il mondo&#8221; si \u00e8 svolto questa mattina presso l&#8217;istituto Marconi di Latina in onore proprio dello scienziato Guglielmo Marconi nell&#8217;anno in cui ricorre il 150esimo anniversario dalla sua nascita. Tantissimi gli studenti presenti, alcuni anche in collegamento e tutte le autorit\u00e0 civili e militari della provincia. Ospite [&hellip;]<\/p>\n","protected":false},"author":60,"featured_media":361180,"comment_status":"open","ping_status":"open","sticky":false,"template":"","format":"gallery","meta":{"footnotes":""},"categories":[2310,2311,248],"tags":[],"class_list":["post-361177","post","type-post","status-publish","format-gallery","has-post-thumbnail","hentry","category-audio","category-foto","category-istruzione","post_format-post-format-gallery"],"_links":{"self":[{"href":"https:\/\/www.radioluna.it\/news\/wp-json\/wp\/v2\/posts\/361177","targetHints":{"allow":["GET"]}}],"collection":[{"href":"https:\/\/www.radioluna.it\/news\/wp-json\/wp\/v2\/posts"}],"about":[{"href":"https:\/\/www.radioluna.it\/news\/wp-json\/wp\/v2\/types\/post"}],"author":[{"embeddable":true,"href":"https:\/\/www.radioluna.it\/news\/wp-json\/wp\/v2\/users\/60"}],"replies":[{"embeddable":true,"href":"https:\/\/www.radioluna.it\/news\/wp-json\/wp\/v2\/comments?post=361177"}],"version-history":[{"count":5,"href":"https:\/\/www.radioluna.it\/news\/wp-json\/wp\/v2\/posts\/361177\/revisions"}],"predecessor-version":[{"id":361248,"href":"https:\/\/www.radioluna.it\/news\/wp-json\/wp\/v2\/posts\/361177\/revisions\/361248"}],"wp:featuredmedia":[{"embeddable":true,"href":"https:\/\/www.radioluna.it\/news\/wp-json\/wp\/v2\/media\/361180"}],"wp:attachment":[{"href":"https:\/\/www.radioluna.it\/news\/wp-json\/wp\/v2\/media?parent=361177"}],"wp:term":[{"taxonomy":"category","embeddable":true,"href":"https:\/\/www.radioluna.it\/news\/wp-json\/wp\/v2\/categories?post=361177"},{"taxonomy":"post_tag","embeddable":true,"href":"https:\/\/www.radioluna.it\/news\/wp-json\/wp\/v2\/tags?post=361177"}],"curies":[{"name":"wp","href":"https:\/\/api.w.org\/{rel}","templated":true}]}}