{"id":362833,"date":"2024-10-25T07:37:00","date_gmt":"2024-10-25T05:37:00","guid":{"rendered":"https:\/\/www.radioluna.it\/news\/?p=362833"},"modified":"2024-10-29T09:14:52","modified_gmt":"2024-10-29T08:14:52","slug":"latina-pensiline-pericolanti-chiusa-la-scuola-di-via-quarto","status":"publish","type":"post","link":"https:\/\/www.radioluna.it\/news\/2024\/10\/latina-pensiline-pericolanti-chiusa-la-scuola-di-via-quarto\/","title":{"rendered":"Latina, pensiline pericolanti, chiusa la scuola di Via Quarto"},"content":{"rendered":"<div id=\"fb-root\"><\/div>\n<p><strong>LATINA<\/strong> &#8211; Le pensiline dei camminamenti esterni della scuola primaria di Via Quarto dell&#8217;Ic Frezzotti-Prampolini sono pericolanti e la scuola \u00e8 stata chiusa. E&#8217; accaduto dopo il sopralluogo dei vigili del fuoco eseguito nel pomeriggio di ieri su segnalazione di alcuni genitori.<\/p>\n<p class=\"western\"><b>La stessa scuola in una comunicazione importante alle famiglie parla di &#8220;Interdizione totale del plesso Scuola Primaria di via Quarto a seguito di sopralluogo VVF&#8221;. Dunque oggi bambini a casa e famiglie alle prese con un problema non da poco e l&#8217;indicazione a proseguire le lezioni a distanza, quindi casa, come avveniva durante il covid.<\/b><\/p>\n<p class=\"western\"><b><\/b><strong>LA NOTA<\/strong> &#8211; &#8220;E&#8217;<u><b> stato interdetto l\u2019accesso a tutto il plesso della Scuola Primaria di via Quarto.\u00a0<\/b><\/u>In attesa della prevista Ordinanza del Sindaco del Comune di Latina, si comunica alle famiglie che\u00a0<u><b>il plesso rester\u00e0 chiuso fino a nuova ordinanza. <\/b><\/u>Si comunica altres\u00ec che in attesa del ripristino delle normali condizioni di sicurezza o di soluzioni alternative, sar\u00e0 cura dei docenti di classe predisporre le attivit\u00e0 didattiche utilizzando la piattaforma istituzionale Classroom \u2013 Google Workspace. Seguiranno ulteriori comunicazioni sulle modalit\u00e0 di attivazione di una eventuale didattica a distanza. Si specifica che l\u2019interdizione riguarda solo il plesso della scuola primaria; per la scuola dell\u2019infanzia \u00e8 interdetto esclusivamente l\u2019accesso al giardino retrostante l\u2019edificio&#8221;.<\/p>\n<p>&nbsp;<\/p>\n<div class=\"radio-posizionamento-telefono-in-articoli-dopo-il-contenuto-articolo radio-entity-placement\" id=\"radio-3005008648\"><div id=\"radio-107956566\" style=\"width: 300px;height: 250px;\"><a href=\"https:\/\/www.icarspa.it\/auto\/usate\/latina\/\" aria-label=\"banner aprile icar new life &#8211; auto usate latina\"><img loading=\"lazy\" decoding=\"async\" src=\"https:\/\/www.radioluna.it\/news\/wp-content\/uploads\/2026\/02\/banner-aprile-icar-new-life-auto-usate-latina.gif\" alt=\"\"  width=\"300\" height=\"250\"   \/><\/a><\/div><\/div>","protected":false},"excerpt":{"rendered":"<p>LATINA &#8211; Le pensiline dei camminamenti esterni della scuola primaria di Via Quarto dell&#8217;Ic Frezzotti-Prampolini sono pericolanti e la scuola \u00e8 stata chiusa. E&#8217; accaduto dopo il sopralluogo dei vigili del fuoco eseguito nel pomeriggio di ieri su segnalazione di alcuni genitori. La stessa scuola in una comunicazione importante alle famiglie parla di &#8220;Interdizione totale [&hellip;]<\/p>\n","protected":false},"author":62,"featured_media":15286,"comment_status":"open","ping_status":"open","sticky":false,"template":"","format":"standard","meta":{"footnotes":""},"categories":[7],"tags":[],"class_list":["post-362833","post","type-post","status-publish","format-standard","has-post-thumbnail","hentry","category-cronaca"],"_links":{"self":[{"href":"https:\/\/www.radioluna.it\/news\/wp-json\/wp\/v2\/posts\/362833","targetHints":{"allow":["GET"]}}],"collection":[{"href":"https:\/\/www.radioluna.it\/news\/wp-json\/wp\/v2\/posts"}],"about":[{"href":"https:\/\/www.radioluna.it\/news\/wp-json\/wp\/v2\/types\/post"}],"author":[{"embeddable":true,"href":"https:\/\/www.radioluna.it\/news\/wp-json\/wp\/v2\/users\/62"}],"replies":[{"embeddable":true,"href":"https:\/\/www.radioluna.it\/news\/wp-json\/wp\/v2\/comments?post=362833"}],"version-history":[{"count":2,"href":"https:\/\/www.radioluna.it\/news\/wp-json\/wp\/v2\/posts\/362833\/revisions"}],"predecessor-version":[{"id":362835,"href":"https:\/\/www.radioluna.it\/news\/wp-json\/wp\/v2\/posts\/362833\/revisions\/362835"}],"wp:featuredmedia":[{"embeddable":true,"href":"https:\/\/www.radioluna.it\/news\/wp-json\/wp\/v2\/media\/15286"}],"wp:attachment":[{"href":"https:\/\/www.radioluna.it\/news\/wp-json\/wp\/v2\/media?parent=362833"}],"wp:term":[{"taxonomy":"category","embeddable":true,"href":"https:\/\/www.radioluna.it\/news\/wp-json\/wp\/v2\/categories?post=362833"},{"taxonomy":"post_tag","embeddable":true,"href":"https:\/\/www.radioluna.it\/news\/wp-json\/wp\/v2\/tags?post=362833"}],"curies":[{"name":"wp","href":"https:\/\/api.w.org\/{rel}","templated":true}]}}