{"id":363057,"date":"2024-10-29T08:27:40","date_gmt":"2024-10-29T07:27:40","guid":{"rendered":"https:\/\/www.radioluna.it\/news\/?p=363057"},"modified":"2024-10-29T08:47:41","modified_gmt":"2024-10-29T07:47:41","slug":"centenario-il-consiglio-comunale-aderisce-alla-fondazione-e-rivendica-un-ruolo-da-protagonista","status":"publish","type":"post","link":"https:\/\/www.radioluna.it\/news\/2024\/10\/centenario-il-consiglio-comunale-aderisce-alla-fondazione-e-rivendica-un-ruolo-da-protagonista\/","title":{"rendered":"Centenario, il Consiglio comunale aderisce alla Fondazione e rivendica un ruolo da protagonista"},"content":{"rendered":"<div id=\"fb-root\"><\/div>\n<p style=\"text-align: justify;\"><strong>LATINA &#8211;<\/strong> Il consiglio comunale di Latina ha votato l\u2019adesione alla Fondazione per il Centenario, ente previsto previsto dalla legge 6 settembre 2024, n. 130, recante &#8220;Disposizioni per la celebrazione del centenario della citt\u00e0 di Latina 1932-2032&#8221;, ma\u00a0 ufficialmente non ancora istituita in attesa degli atti relativi da parte del Ministero della Cultura. Un passaggio ufficiale per una decisione che era scontata.<\/p>\n<p style=\"text-align: justify;\">Ampio \u00e8 stato il dibattito in aula da parte degli esponenti di maggioranza e opposizione e, al termine della discussione, la sindaca Celentano nel suo intervento ha voluto stigmatizzare: &#8220;Il senso di questa scommessa sul Centenario sta nella partecipazione e nella condivisione di programmi e obiettivi che intendiamo mettere a punto e inseguire a partire da adesso. Il Centenario \u00e8 nostro, di questa citt\u00e0 e dunque di questo Consiglio comunale, che assume da questo momento la piena responsabilit\u00e0 di tutto quello che sapremo fare, spero nel migliore dei modi e con la determinazione che serve quando si affronta una sfida dalla quale si pu\u00f2 uscire vincitori o sconfitti. Non dovranno esserci protagonismi, fughe in avanti n\u00e9 iniziative assunte prima di avere coinvolto ciascuno di noi che sediamo in questa assise&#8221;.<\/p>\n<p style=\"text-align: justify;\">La prima cittadina ha aggiunto in un passaggio che questo percorso avr\u00e0 anche una funzione di armonizzazione delle diverse componenti politiche: &#8220;Ritengo che la condivisione attorno alle progettualit\u00e0 per il Centenario potr\u00e0 rappresentare la cura migliore per sanare le fratture e accorciare le distanze che ancora ci separano; quando penso al 2032, non penso soltanto al tipo di citt\u00e0 che saremo stati in grado di offrire ai nostri concittadini, ma anche ad un consiglio comunale fatto di persone che credono tutte fermamente che non possono esserci steccati dove c\u2019\u00e8 un ballo la sorte del patrimonio sociale e culturale di tutta la comunit\u00e0, un patrimonio indispensabile per seguire la rotta della crescita, dello sviluppo, del futuro dei nostri giovani, ai quali abbiamo il dovere di consegnare una citt\u00e0 migliore di quella che la nostra generazione ha ereditato, una citt\u00e0 che sappia guardare avanti, all\u2019Europa e al cambiamento&#8221;.<br \/>\nSu questi stessi concetti si era soffermata nel suo intervento la consigliera del Movimento CinqueStelle Maria Grazia Ciolfi ribadendo la necessit\u00e0 per il Comune di Latina di assumere un ruolo centrale nel percorso verso il centenario della citt\u00e0: &#8220;Siamo accanto alla Sindaca affinch\u00e9 il Comune acquisisca e mantenga un ruolo prioritario e di guida all\u2019interno del progetto. Lo chiediamo con forza dopo aver ravvisato il rischio di un monopolio partitico a spese della citt\u00e0 e dei suoi cittadini\u00bb.<br \/>\nLa consigliera fa riferimento alla riunione capigruppo di gioved\u00ec, disertata dal M5S e da altre forze politiche, anche di maggioranza. \u00abUn incontro tenuto nei locali comunali e convocato informalmente via whatsapp. La correttezza istituzionale e il rispetto delle procedure sono strumenti a garanzia della trasparenza, in questa circostanza sono mancati, da qui la decisione di non partecipare alla riunione\u00bb. Nel suo intervento in aula Ciolfi ha sottolineato l\u2019importanza di continuare sulla retta via della condivisione: \u00abLa partecipazione \u00e8 stata il motore propulsivo nella fase iniziale del progetto e cos\u00ec si deve andare avanti. Passaggi individualistici o irrituali come quello di gioved\u00ec non possono essere ammessi e non devono ripetersi\u00bb.<\/p>\n","protected":false},"excerpt":{"rendered":"<p>LATINA &#8211; Il consiglio comunale di Latina ha votato l\u2019adesione alla Fondazione per il Centenario, ente previsto previsto dalla legge 6 settembre 2024, n. 130, recante &#8220;Disposizioni per la celebrazione del centenario della citt\u00e0 di Latina 1932-2032&#8221;, ma\u00a0 ufficialmente non ancora istituita in attesa degli atti relativi da parte del Ministero della Cultura. Un passaggio [&hellip;]<\/p>\n","protected":false},"author":62,"featured_media":363059,"comment_status":"open","ping_status":"open","sticky":false,"template":"","format":"standard","meta":{"footnotes":""},"categories":[8],"tags":[],"class_list":["post-363057","post","type-post","status-publish","format-standard","has-post-thumbnail","hentry","category-politica"],"_links":{"self":[{"href":"https:\/\/www.radioluna.it\/news\/wp-json\/wp\/v2\/posts\/363057","targetHints":{"allow":["GET"]}}],"collection":[{"href":"https:\/\/www.radioluna.it\/news\/wp-json\/wp\/v2\/posts"}],"about":[{"href":"https:\/\/www.radioluna.it\/news\/wp-json\/wp\/v2\/types\/post"}],"author":[{"embeddable":true,"href":"https:\/\/www.radioluna.it\/news\/wp-json\/wp\/v2\/users\/62"}],"replies":[{"embeddable":true,"href":"https:\/\/www.radioluna.it\/news\/wp-json\/wp\/v2\/comments?post=363057"}],"version-history":[{"count":1,"href":"https:\/\/www.radioluna.it\/news\/wp-json\/wp\/v2\/posts\/363057\/revisions"}],"predecessor-version":[{"id":363060,"href":"https:\/\/www.radioluna.it\/news\/wp-json\/wp\/v2\/posts\/363057\/revisions\/363060"}],"wp:featuredmedia":[{"embeddable":true,"href":"https:\/\/www.radioluna.it\/news\/wp-json\/wp\/v2\/media\/363059"}],"wp:attachment":[{"href":"https:\/\/www.radioluna.it\/news\/wp-json\/wp\/v2\/media?parent=363057"}],"wp:term":[{"taxonomy":"category","embeddable":true,"href":"https:\/\/www.radioluna.it\/news\/wp-json\/wp\/v2\/categories?post=363057"},{"taxonomy":"post_tag","embeddable":true,"href":"https:\/\/www.radioluna.it\/news\/wp-json\/wp\/v2\/tags?post=363057"}],"curies":[{"name":"wp","href":"https:\/\/api.w.org\/{rel}","templated":true}]}}