{"id":363311,"date":"2024-11-02T17:29:18","date_gmt":"2024-11-02T16:29:18","guid":{"rendered":"https:\/\/www.radioluna.it\/news\/?p=363311"},"modified":"2024-11-02T17:32:24","modified_gmt":"2024-11-02T16:32:24","slug":"terracina-alla-xxvi-edizione-della-borsa-mediterranea-del-turismo-archeologico-di-paestum","status":"publish","type":"post","link":"https:\/\/www.radioluna.it\/news\/2024\/11\/terracina-alla-xxvi-edizione-della-borsa-mediterranea-del-turismo-archeologico-di-paestum\/","title":{"rendered":"Terracina alla XXVI Edizione della Borsa Mediterranea del Turismo Archeologico di Paestum"},"content":{"rendered":"<div id=\"fb-root\"><\/div>\n<p>Terracina tra le protagoniste del Lazio alla Borsa Mediterranea del Turismo Archeologico di Paestum arrivata quest\u2019anno alla XXVI edizione. Nell\u2019ambito dell\u2019evento promosso dalla Regione Lazio \u201cViaggi nel Tempo: scoperte ed itinerari di Turismo Archeologico nel Lazio\u201d, il Presidente della Fondazione Citt\u00e0 di Terracina Francesco Di Mario, alla Presenza del Sindaco di Terracina Francesco Giannetti e dell\u2019Assessore alla Cultura Alessandra Feudi, ha illustrato gli straordinari tesori che la Citt\u00e0 custodisce e offre ai visitatori. Un patrimonio immenso che si \u00e8 arricchito negli ultimi anni grazie ai lavori di scavo e di ricerca della Soprintendenza, guidata fino a novembre scorso proprio da Francesco Di Mario, che hanno riportato alla luce e reso fruibili gioielli quali il Teatro Romano di cui si era persa memoria, o anche gli affreschi nell\u2019Oratorio dell\u2019Angioletto del Piccolo Tempio, rivelatisi essere tra i pi\u00f9 antichi del Lazio Meridionale.<\/p>\n<p>Nella sua relazione l\u2019attuale presidente della Fondazione \u00e8 partito dalla via Appia, appena iscritta nella Lista del Patrimonio Mondiale Unesco, sottolineando come Terracina risulti essere, tra tutti gli ambiti territoriali attraversati dall\u2019antico tracciato, quello di maggiore estensione e sicuramente tra i pi\u00f9 rappresentativi. Centrale poi l\u2019area di Piazza del Municipio che costituisce un gioiello preziosissimo, come spiegato da Di Mario, con i caratteristici lastroni di calcare del Foro Emiliano, la via Appia, il Teatro Romano nella sua raffinatezza architettonica, gli edifici medievali e la Cattedrale di San Cesareo. Testimonianze di una vita che \u00e8 andata avanti ininterrottamente dall\u2019antichit\u00e0 fino ad oggi, con elementi e strutture di rilievo, e afferenti a varie epoche, che si fondono in un quadro architettonico e visivo unico. E immediatamente al di fuori del foro le favisse del Tempio Maggiore dove sono esposte splendide pavimentazioni in mosaico, e quindi il Tempio a tre celle, conosciuto come Capitolium, che ospita la statua di Serapide e il ritratto marmoreo di Giulio Cesare, ritrovati durante gli scavi del Teatro Romano. Ampio spazio nell\u2019esposizione poi al Santuario di Monte Sant\u2019Angelo, con il celebre terrazzamento di sostruzione ad arcate di quello che \u00e8 noto come Tempio di Giove Anxur e il Piccolo Tempio, appartenenti ad un\u2019ampia area archeologica con testimonianze che partono dall\u2019Et\u00e0 del Ferro fino ad arrivare al Medioevo.<\/p>\n<p>\u00abSono estremamente soddisfatto di aver potuto illustrare le bellezze di Terracina, una Citt\u00e0 d\u2019Arte con un patrimonio straordinario che in questi ultimi anni si \u00e8 ulteriormente arricchito di tesori nascosti di cui si era persa la memoria. Un ringraziamento all\u2019Assessore della Regione Lazio Elena Palazzo per averci concesso questa importante opportunit\u00e0 che ci ha permesso una volta di pi\u00f9 di far conoscere una Citt\u00e0 che rappresenta indubbiamente un polo di grande attrazione per il turismo archeologico\u00bb, ha dichiarato il Presidente della Fondazione Citt\u00e0 di Terracina, Francesco Di Mario.<br \/>\n\u00abRingraziamo la Regione Lazio e l\u2019Assessore Palazzo perch\u00e9 \u00e8 stato un grande privilegio e un grande orgoglio vedere le bellezze della nostra Citt\u00e0 in una vetrina cos\u00ec importante. Abbiamo sempre creduto nel turismo archeologico perch\u00e9 riteniamo che Terracina sia una meta ideale, e per questo cerchiamo di mettere in campo ogni iniziativa possibile per valorizzare il nostro patrimonio e promuoverlo\u00bb, hanno dichiarato il Sindaco di Terracina Francesco Giannetti e l\u2019Assessore alla Cultura Alessandra Feudi.<\/p>\n","protected":false},"excerpt":{"rendered":"<p>Terracina tra le protagoniste del Lazio alla Borsa Mediterranea del Turismo Archeologico di Paestum arrivata quest\u2019anno alla XXVI edizione. Nell\u2019ambito dell\u2019evento promosso dalla Regione Lazio \u201cViaggi nel Tempo: scoperte ed itinerari di Turismo Archeologico nel Lazio\u201d, il Presidente della Fondazione Citt\u00e0 di Terracina Francesco Di Mario, alla Presenza del Sindaco di Terracina Francesco Giannetti e [&hellip;]<\/p>\n","protected":false},"author":60,"featured_media":363312,"comment_status":"open","ping_status":"open","sticky":false,"template":"","format":"standard","meta":{"footnotes":""},"categories":[735],"tags":[],"class_list":["post-363311","post","type-post","status-publish","format-standard","has-post-thumbnail","hentry","category-attualita"],"_links":{"self":[{"href":"https:\/\/www.radioluna.it\/news\/wp-json\/wp\/v2\/posts\/363311","targetHints":{"allow":["GET"]}}],"collection":[{"href":"https:\/\/www.radioluna.it\/news\/wp-json\/wp\/v2\/posts"}],"about":[{"href":"https:\/\/www.radioluna.it\/news\/wp-json\/wp\/v2\/types\/post"}],"author":[{"embeddable":true,"href":"https:\/\/www.radioluna.it\/news\/wp-json\/wp\/v2\/users\/60"}],"replies":[{"embeddable":true,"href":"https:\/\/www.radioluna.it\/news\/wp-json\/wp\/v2\/comments?post=363311"}],"version-history":[{"count":3,"href":"https:\/\/www.radioluna.it\/news\/wp-json\/wp\/v2\/posts\/363311\/revisions"}],"predecessor-version":[{"id":363316,"href":"https:\/\/www.radioluna.it\/news\/wp-json\/wp\/v2\/posts\/363311\/revisions\/363316"}],"wp:featuredmedia":[{"embeddable":true,"href":"https:\/\/www.radioluna.it\/news\/wp-json\/wp\/v2\/media\/363312"}],"wp:attachment":[{"href":"https:\/\/www.radioluna.it\/news\/wp-json\/wp\/v2\/media?parent=363311"}],"wp:term":[{"taxonomy":"category","embeddable":true,"href":"https:\/\/www.radioluna.it\/news\/wp-json\/wp\/v2\/categories?post=363311"},{"taxonomy":"post_tag","embeddable":true,"href":"https:\/\/www.radioluna.it\/news\/wp-json\/wp\/v2\/tags?post=363311"}],"curies":[{"name":"wp","href":"https:\/\/api.w.org\/{rel}","templated":true}]}}