{"id":363445,"date":"2024-11-05T14:26:54","date_gmt":"2024-11-05T13:26:54","guid":{"rendered":"https:\/\/www.radioluna.it\/news\/?p=363445"},"modified":"2024-11-06T11:00:48","modified_gmt":"2024-11-06T10:00:48","slug":"produzione-di-idrogeno-a-borgo-montello-la-regione-lazio-finanzia-il-progetto-di-indeco-e-il-comitato-dei-residenti-dice-no","status":"publish","type":"post","link":"https:\/\/www.radioluna.it\/news\/2024\/11\/produzione-di-idrogeno-a-borgo-montello-la-regione-lazio-finanzia-il-progetto-di-indeco-e-il-comitato-dei-residenti-dice-no\/","title":{"rendered":"Produzione di Idrogeno a Borgo Montello, la Regione Lazio finanzia il progetto di Indeco e il comitato dei residenti dice &#8220;no&#8221;"},"content":{"rendered":"<div id=\"fb-root\"><\/div>\n<div id=\"attachment_124284\" style=\"width: 310px\" class=\"wp-caption alignleft\"><img loading=\"lazy\" decoding=\"async\" aria-describedby=\"caption-attachment-124284\" class=\"size-medium wp-image-124284\" src=\"https:\/\/www.radioluna.it\/news\/wp-content\/uploads\/2012\/08\/Borgo-Montello-300x201.jpg\" alt=\"\" width=\"300\" height=\"201\" srcset=\"https:\/\/www.radioluna.it\/news\/wp-content\/uploads\/2012\/08\/Borgo-Montello-300x201.jpg 300w, https:\/\/www.radioluna.it\/news\/wp-content\/uploads\/2012\/08\/Borgo-Montello.jpg 400w\" sizes=\"auto, (max-width: 300px) 100vw, 300px\" \/><p id=\"caption-attachment-124284\" class=\"wp-caption-text\">La discarica di Borgo Montello<\/p><\/div>\n<p style=\"text-align: justify;\"><strong>LATINA<\/strong> &#8211; Sta scatenando reazioni contrarie a Latina,\u00a0 l&#8217;annuncio dato gioved\u00ec 31 ottobre dalla Regione Lazio di &#8220;investimenti per la produzione di idrogeno verde nelle aree industriali dismesse&#8221;. Tra questi infatti c&#8217;\u00e8 quello che riguarda \u201cIndeco Green Hydrogen Hub\u201d a Borgo Montello approvato dalla giunta regionale su proposta dell\u2019assessore all\u2019Ambiente, al Turismo e allo Sport, Elena Palazzo. \u00abGrazie a questo nuovo finanziamento \u2013 spiega nella Palazzo &#8211; la Regione Lazio consolida il proprio impegno per una crescita verde e sostenibile, confermando il ruolo dell\u2019idrogeno come risorsa centrale per la transizione energetica e la decarbonizzazione\u00bb. E aggiunge: \u00abL\u2019investimento in Hydrogen Valleys, infatti non solo stimola il rilancio delle aree industriali dismesse evitando il consumo di suolo, ma promuove anche una crescita economica sostenibile, contribuendo in modo concreto al raggiungimento degli obiettivi di neutralit\u00e0 climatica al 2050\u00bb.<\/p>\n<p style=\"text-align: justify;\">A levarsi per prima \u00e8 stata la voce del consigliere regionale di Fratelli d&#8217;Italia Enrico Tiero (stesso partito di Palazzo) che non usa mezzi termini: &#8220;Il progetto per la produzione di idrogeno a Montello \u00e8 una\u00a0 soluzione che non condivido. Chieder\u00f2 incontro al presidente Rocca&#8221;. Secondo Tiero l&#8217;assessora all&#8217;ambiente &#8220;prima di autorizzare tali interventi, avrebbe dovuto ascoltare anche il parere dei cittadini residenti&#8221;.<\/p>\n<p style=\"text-align: justify;\">Tiero ricorda che &#8220;la discarica di Borgo Montello, purtroppo, continua a costituire un serio pericolo per la salute pubblica e per l\u2019ambiente&#8221; e ricorda che &#8220;nel febbraio 2021 Arpa Lazio ha indicato come tutti i campioni prelevati da Borgo Montello abbiano mostrato la rilevante presenza di metalli quali arsenico, ferro e manganese, le cui concentrazioni sono risultate superiori ai limiti previsti dalle concentrazioni soglia di contaminazione&#8221;, per concludere che &#8220;occorre tenere alta l\u2019attenzione sulla questione e chiedere il disinquinamento del sito. Senza di esso non sar\u00e0 possibile procedere con altre iniziative sull&#8217;impianto&#8221;, dichiara il presidente della commissione Sviluppo economico e Attivit\u00e0 produttive, che \u00e8 anche componente delle commissioni Sanit\u00e0 e Ambiente del Consiglio regionale del Lazio. Lo stesso Tiero ricorda la lunga servit\u00f9 sopportata per 50 anni dai residenti\u00a0 di Borgo Montello, Borgo Bainsizza e Le Ferriere e che occorrerebbe valorizzare le &#8220;ricchezze storico-culturali (Satricum, la casa del martirio di Santa Maria Goretti) e attivit\u00e0 produttive di alto livello (la cultura del cibo biologico e del vino con Casale del Giglio)&#8221; e &#8220;investire sul miglioramento della qualit\u00e0 dei servizi di quest&#8217;area.. come per esempio un Palazzetto polifunzionale&#8221;. E ancora che &#8220;occorrerebbe favorire una crescita sociale, culturale ed ambientale dei giovani di queste comunit\u00e0&#8221;.<\/p>\n<p style=\"text-align: justify;\">Anche il comitato spontaneo dei residenti di Borgo Montello &#8216;No ad altre servit\u00f9&#8217; si ribella e chiede di essere coinvolto nelle scelte : &#8220;Le principali preoccupazioni\u00a0 &#8211; scrivono in una nota &#8211; sono legate alla salute della popolazione. Evidenziamo come vi siano stati numerosi decessi causati da diverse neoplasie. Non ci vuole uno scienziato per capire che in questo lungo lasso di tempo ci sia stata una crescita di mortalit\u00e0 legata a tumori in tutta la nostra area di riferimento, che va da Borgo Montello fino a Le Ferriere, compresa Borgo Bainsizza. Pretenderemmo che venisse effettuata una seria indagine epidemiologica da parte della Asl per avere l\u2019esatta fotografia della salute della popolazione di questo territorio. Stiamo convivendo con una bomba ecologica devastante: basti pensare che meno di quattro anni fa 2021 Arpa Lazio ha indicato come tutti i campioni prelevati da Borgo Montello abbiano mostrato la rilevante presenza di metalli quali arsenico, ferro e manganese, le cui concentrazioni sono risultate superiori ai limiti previsti dalle concentrazioni soglia di contaminazione. Vale la pena di sottolineare che Indeco cos\u00ec come Ecoambiente dovevano accantonare le risorse per la bonifica.\u00a0 \u00a0E&#8217; lecito chiedersi, per quale motivo non si \u00e8 pensato di completare il sito dopo la chiusura? Perch\u00e8 non si \u00e8 ancora restituita alla comunit\u00e0 un&#8217;area devastata? Chiediamo ed anzi esigiamo che vi sia la massima trasparenza negli atti che riguardano progetti ed iniziative ricadenti nella nostra zona. Vogliamo poter dire la nostra, essere coinvolti e ricevere informazioni dettagliate su tutto quello che riguarda l&#8217;area dei borghi di Latina nord&#8221;.<\/p>\n<p style=\"text-align: justify;\">I residenti invitano a Borgo Montello il presidente Rocca e chiedono un un confronto pubblico: &#8220;Chiediamo sin d&#8217;ora che vengano a riferirci quali sono le reali intenzioni dell&#8217;amministrazione regionale sul nostro territorio&#8221;.<\/p>\n<p style=\"text-align: justify;\">Sul progetto progetto Indeco a Montello si dice preoccupato anche l&#8217;assessore comunale di Latina Gianluca Di Cocco:\u00a0&#8220;Condivido come esponente politico e cittadini, le preoccupazioni espresse nei giorni scorsi dal consigliere regionale Enrico Tiero. Non possiamo accettare che vengano creati ulteriori danni al nostro territorio, in una zona, quella di Montello, che da troppi decenni sopporta una servit\u00f9 pesante e fortemente penalizzante per i suoi cittadini. Non ho accolto positivamente e nutro molti dubbi nel merito, la notizia della delibera di giunta regionale, che promuove investimenti per la produzione di idrogeno verde nelle aree industriali dismesse. Nello specifico si finanzierebbe il progetto della \u201cIndeco Green Hydrogen Hub\u201d, relativamente a Borgo Montello. Per tanto, troppo tempo, abbiamo invocato ristori per i residenti, sotto il punto di vista strutturale e risarcitorio. Oggi vediamo invece come finanziamenti pubblici vengono erogati con grande facilit\u00e0 a soggetti privati. Trovo questa operazione discutibile nel metodo e ripeto nel merito. Con tutte le forze si sta cercando di rilanciare il territorio sul piano economico, rendendolo pi\u00f9 appetibile sotto il profilo turistico. \u00c8 giunto il momento della concretezza e lavorare per dare una prospettiva diversa alle future generazioni. L&#8217;area di Borgo Montello pu\u00f2 vantare una serie di grandi eccellenze: dall\u2019ambiente all&#8217;agroalimentare, passando per la storia e la cultura. Non possiamo pensare che si preferisca penalizzarlo con ulteriori scelte sbagliate. Bisogna puntare con decisione sul rilancio delle attivit\u00e0 turistiche e conseguentemente sulla bonifica di quelle aree. Non \u00e8 pensabile parlare di turismo, di sostenibilit\u00e0 quando poi gli sforzi che si stanno facendo in tal senso sono resi vani da scelte calate dall\u2019alto che ad oggi non accettano contraddizioni. Per queste ragioni ritengo sia necessario che la questione del progetto Indeco sull&#8217;idrogeno venga affrontata in tutte le sedi istituzionali, a partire dal Comune di Latina ed interessando sin da subito l&#8217;amministrazione ed i rappresentanti pontini della Regione Lazio&#8221;.<\/p>\n<p>&nbsp;<\/p>\n","protected":false},"excerpt":{"rendered":"<p>LATINA &#8211; Sta scatenando reazioni contrarie a Latina,\u00a0 l&#8217;annuncio dato gioved\u00ec 31 ottobre dalla Regione Lazio di &#8220;investimenti per la produzione di idrogeno verde nelle aree industriali dismesse&#8221;. Tra questi infatti c&#8217;\u00e8 quello che riguarda \u201cIndeco Green Hydrogen Hub\u201d a Borgo Montello approvato dalla giunta regionale su proposta dell\u2019assessore all\u2019Ambiente, al Turismo e allo Sport, [&hellip;]<\/p>\n","protected":false},"author":62,"featured_media":124284,"comment_status":"open","ping_status":"open","sticky":false,"template":"","format":"standard","meta":{"footnotes":""},"categories":[735,7,2428],"tags":[],"class_list":["post-363445","post","type-post","status-publish","format-standard","has-post-thumbnail","hentry","category-attualita","category-cronaca","category-primo-piano"],"_links":{"self":[{"href":"https:\/\/www.radioluna.it\/news\/wp-json\/wp\/v2\/posts\/363445","targetHints":{"allow":["GET"]}}],"collection":[{"href":"https:\/\/www.radioluna.it\/news\/wp-json\/wp\/v2\/posts"}],"about":[{"href":"https:\/\/www.radioluna.it\/news\/wp-json\/wp\/v2\/types\/post"}],"author":[{"embeddable":true,"href":"https:\/\/www.radioluna.it\/news\/wp-json\/wp\/v2\/users\/62"}],"replies":[{"embeddable":true,"href":"https:\/\/www.radioluna.it\/news\/wp-json\/wp\/v2\/comments?post=363445"}],"version-history":[{"count":1,"href":"https:\/\/www.radioluna.it\/news\/wp-json\/wp\/v2\/posts\/363445\/revisions"}],"predecessor-version":[{"id":363446,"href":"https:\/\/www.radioluna.it\/news\/wp-json\/wp\/v2\/posts\/363445\/revisions\/363446"}],"wp:featuredmedia":[{"embeddable":true,"href":"https:\/\/www.radioluna.it\/news\/wp-json\/wp\/v2\/media\/124284"}],"wp:attachment":[{"href":"https:\/\/www.radioluna.it\/news\/wp-json\/wp\/v2\/media?parent=363445"}],"wp:term":[{"taxonomy":"category","embeddable":true,"href":"https:\/\/www.radioluna.it\/news\/wp-json\/wp\/v2\/categories?post=363445"},{"taxonomy":"post_tag","embeddable":true,"href":"https:\/\/www.radioluna.it\/news\/wp-json\/wp\/v2\/tags?post=363445"}],"curies":[{"name":"wp","href":"https:\/\/api.w.org\/{rel}","templated":true}]}}