{"id":363909,"date":"2024-11-12T09:24:41","date_gmt":"2024-11-12T08:24:41","guid":{"rendered":"https:\/\/www.radioluna.it\/news\/?p=363909"},"modified":"2024-11-14T08:05:41","modified_gmt":"2024-11-14T07:05:41","slug":"parco-rinnovato-il-riconoscimento-della-riserva-della-biosfera-circeo","status":"publish","type":"post","link":"https:\/\/www.radioluna.it\/news\/2024\/11\/parco-rinnovato-il-riconoscimento-della-riserva-della-biosfera-circeo\/","title":{"rendered":"Parco, rinnovato il riconoscimento della Riserva della Biosfera &#8220;Circeo&#8221;"},"content":{"rendered":"<div id=\"fb-root\"><\/div>\n<p style=\"text-align: justify;\"><strong>SABAUDIA<\/strong> &#8211; Buone notizie per il Parco Nazionale del Circeo. E\u2019 stato infatti rinnovato il riconoscimento UNESCO alla Riserva della Biosfera \u201cCirceo\u201d, una delle prime italiane. L\u2019annuncio \u00e8 arrivato, dopo la revisione periodica, nel corso dell&#8217;ultimo Meeting nazionale delle Riserve della Biosfera. Secondo i canoni UNESCO le Riserve Mab (Uomo (man) e Biosfera) devono rappresentare in maniera continuativa il motore di sviluppo sostenibile del territorio con approcci innovativi e adeguati allo sviluppo economico.<\/p>\n<p style=\"text-align: justify;\">Il Meeting che ha visto la partecipazione di quasi 400 rappresentanti di 21 riserve italiane e una slovena, era finalizzato a rafforzare il senso di appartenenza al programma \u201cUomo e Biosfera\u201d e ai valori fondativi e universali dell\u2019UNESCO. \u201cAlla luce di questo importante successo \u2013 ha commentato la Commissaria del Parco Nazionale del Circeo, Emanuela Zappone &#8211; rinnoveremo l\u2019impegno dell\u2019Ente parco per affrontare nuovi progetti, nuove sfide capaci di continuare a far vivere insieme il programma Uomo e Biosfera, a partire dalla Carta Europea del Turismo Sostenibile e del Marchio del Parco, che metteremo in cantiere nel 2025\u201d<\/p>\n<p>Il Parco Nazionale del Circeo \u00e8 stato uno dei luoghi nei quali lo stesso concetto del programma Man and Biosphere dell&#8217;UNESCO \u00e8 nato e si \u00e8 sviluppato, con la proclamazione fin dal 1977 della\u00a0 Riserva della Biosfera &#8220;Foresta Demaniale del Circeo&#8221; (Selva di Circe). Nel 2013, a seguito delle revisioni periodiche sulle riserve MaB operate dall&#8217;UNESCO, la riserva del Circeo si \u00e8 estesa fino a raggiungere i confini attuali, che comprendono i comuni di Sabaudia e San Felice Circeo e parte di quelli di Latina e Terracina.<\/p>\n<div class=\"radio-posizionamento-telefono-in-articoli-dopo-il-contenuto-articolo radio-entity-placement\" id=\"radio-2167001420\"><div id=\"radio-1805647215\"><a href=\"https:\/\/www.simeoneceramiche.com\/\" aria-label=\"SIMEONE CERAMICHE GIF animata per radioluna_Tavola disegno 1 copia 2 (online-video-cutter.com)\"><img loading=\"lazy\" decoding=\"async\" src=\"https:\/\/www.radioluna.it\/news\/wp-content\/uploads\/2025\/05\/SIMEONE-CERAMICHE-GIF-animata-per-radioluna_Tavola-disegno-1-copia-2-online-video-cutter.com_.gif\" alt=\"\"  width=\"300\" height=\"250\"   \/><\/a><\/div><\/div>","protected":false},"excerpt":{"rendered":"<p>SABAUDIA &#8211; Buone notizie per il Parco Nazionale del Circeo. E\u2019 stato infatti rinnovato il riconoscimento UNESCO alla Riserva della Biosfera \u201cCirceo\u201d, una delle prime italiane. L\u2019annuncio \u00e8 arrivato, dopo la revisione periodica, nel corso dell&#8217;ultimo Meeting nazionale delle Riserve della Biosfera. Secondo i canoni UNESCO le Riserve Mab (Uomo (man) e Biosfera) devono rappresentare [&hellip;]<\/p>\n","protected":false},"author":62,"featured_media":253066,"comment_status":"open","ping_status":"open","sticky":false,"template":"","format":"standard","meta":{"footnotes":""},"categories":[12],"tags":[],"class_list":["post-363909","post","type-post","status-publish","format-standard","has-post-thumbnail","hentry","category-ambiente"],"_links":{"self":[{"href":"https:\/\/www.radioluna.it\/news\/wp-json\/wp\/v2\/posts\/363909","targetHints":{"allow":["GET"]}}],"collection":[{"href":"https:\/\/www.radioluna.it\/news\/wp-json\/wp\/v2\/posts"}],"about":[{"href":"https:\/\/www.radioluna.it\/news\/wp-json\/wp\/v2\/types\/post"}],"author":[{"embeddable":true,"href":"https:\/\/www.radioluna.it\/news\/wp-json\/wp\/v2\/users\/62"}],"replies":[{"embeddable":true,"href":"https:\/\/www.radioluna.it\/news\/wp-json\/wp\/v2\/comments?post=363909"}],"version-history":[{"count":1,"href":"https:\/\/www.radioluna.it\/news\/wp-json\/wp\/v2\/posts\/363909\/revisions"}],"predecessor-version":[{"id":363910,"href":"https:\/\/www.radioluna.it\/news\/wp-json\/wp\/v2\/posts\/363909\/revisions\/363910"}],"wp:featuredmedia":[{"embeddable":true,"href":"https:\/\/www.radioluna.it\/news\/wp-json\/wp\/v2\/media\/253066"}],"wp:attachment":[{"href":"https:\/\/www.radioluna.it\/news\/wp-json\/wp\/v2\/media?parent=363909"}],"wp:term":[{"taxonomy":"category","embeddable":true,"href":"https:\/\/www.radioluna.it\/news\/wp-json\/wp\/v2\/categories?post=363909"},{"taxonomy":"post_tag","embeddable":true,"href":"https:\/\/www.radioluna.it\/news\/wp-json\/wp\/v2\/tags?post=363909"}],"curies":[{"name":"wp","href":"https:\/\/api.w.org\/{rel}","templated":true}]}}