{"id":364045,"date":"2024-11-16T08:17:51","date_gmt":"2024-11-16T07:17:51","guid":{"rendered":"https:\/\/www.radioluna.it\/news\/?p=364045"},"modified":"2024-11-16T08:17:11","modified_gmt":"2024-11-16T07:17:11","slug":"piero-marrazzo-a-latina-presenta-storia-senza-eroi","status":"publish","type":"post","link":"https:\/\/www.radioluna.it\/news\/2024\/11\/piero-marrazzo-a-latina-presenta-storia-senza-eroi\/","title":{"rendered":"Piero Marrazzo a Latina presenta Storia senza eroi"},"content":{"rendered":"<div id=\"fb-root\"><\/div>\n<p style=\"text-align: justify;\"><strong><img loading=\"lazy\" decoding=\"async\" class=\"size-full wp-image-364088 alignleft\" src=\"https:\/\/www.radioluna.it\/news\/wp-content\/uploads\/2024\/11\/copertinamarrazzo.jpg\" alt=\"\" width=\"424\" height=\"651\" \/>LATINA<\/strong> &#8211; <strong>Piero Marrazzo<\/strong>, giornalista gi\u00e0 presidente della Regione Lazio, sar\u00e0 a Latina\u00a0 <strong>sabato 16 novembre (alle 18)\u00a0 al Museo Giannini<\/strong>\u00a0per presentare il suo libro <strong>Storia senza eroi (Marsilio)<\/strong> in cui\u00a0 ha deciso raccontare il dietro-le-quinte del cosiddetto<strong> &#8220;scandalo Marrazzo&#8221;<\/strong> che lo costrinse, anche su richiesta del suo partito, il Pd, a dimettersi e a rinunciare al secondo mandato da Governatore per ragioni di &#8220;opportunit\u00e0 politica&#8221;.<\/p>\n<p style=\"text-align: justify;\">Marrazzo, era stato vittima allora di un ricatto a sfondo sessuale, dopo essere stato filmato in un incontro intimo da due carabinieri infedeli che fecero irruzione in un appartamento in via Gradoli dove il politico si trovava con una donna transessuale. Passarono lunghi mesi prima che storia e filmato venissero divulgati con effetti dirompenti. Marrazzo era sposato, e le sue tre figlie erano giovanissime: una bambina e due adolescenti che nel libro, di loro pugno, raccontano l&#8217;impatto che nelle loro vite ha avuto questa vicenda.<\/p>\n<p style=\"text-align: justify;\">L&#8217;autore ripercorre per\u00f2 anche la storia della sua famiglia, racconta di suo padre, il giornalista Joe Marrazzo, e di sua madre, Gina Spina che prima di sposare Joe era tornata in Italia dagli Stati Uniti con un figlio di cui non si conosceva il padre: misteri su cui\u00a0 decide di indagare andando proprio negli Stati Uniti.<\/p>\n<p style=\"text-align: justify;\">Il punto di partenza di questo racconto &#8211; si legge\u00a0 nella sintesi proposta dall&#8217;editore &#8211; \u00e8 quello di chi ha deciso di narrarlo e che lo firma: Piero Marrazzo, giornalista e politico, padre e figlio. Il punto di arrivo \u00e8 invece una storia che riguarda tutti noi. Tra Stati Uniti e Italia, tra pubblico e privato, con una psicanalista a fare da guida e Giulia, Diletta e Chiara \u2013 figlie di Piero \u2013 che firmano i controcampi della vicenda dolorosa da cui questo libro parte, Storia senza eroi racconta i giorni, le azioni e i ricordi di un uomo che ha vissuto una stagione fondamentale della politica italiana&#8221;.<\/p>\n<p style=\"font-weight: 400; text-align: justify;\"><strong>Gianmarco Proietti<\/strong>, co-organizzatore dell&#8217;evento, sottolinea l&#8217;importanza di ascoltare la voce di chi ha vissuto direttamente gli eventi narrati nel libro: \u00abAscoltare Piero Marrazzo sar\u00e0 un gesto profondamente politico. La politica, con la &#8216;P&#8217; maiuscola, \u00e8 anche la capacit\u00e0 di trasformare in servizio della comunit\u00e0 una vicenda personale che ha toccato profondamente molti. \u00c8 la volont\u00e0 di esplorare i &#8216;perch\u00e9&#8217; di quelle vicende, di non fermarsi alla superficie degli scandali ma di andare oltre, per comprendere e, forse, perdonare\u00bb.<\/p>\n<p style=\"font-weight: 400; text-align: justify;\"><strong>Graziano Lanzidei<\/strong>, anch&#8217;egli organizzatore, riflette sulla lezione umana e politica che emerge dalla vicenda di Marrazzo: \u00abNella vita, come ci insegna la storia di\u00a0<strong>Piero Marrazzo<\/strong>, si pu\u00f2 sbagliare. Importante \u00e8 affrontare le conseguenze delle proprie azioni, non sottrarsi e pagare il dovuto, chiedendo scusa a chi si \u00e8 sentito offeso. La presentazione di &#8216;<em>Storia senza Eroi<\/em>&#8216; non \u00e8 solo un evento culturale, ma un momento di riflessione collettiva sulla capacit\u00e0 di redenzione e sul coraggio di affrontare i propri errori\u00bb.<\/p>\n<p style=\"font-weight: 400; text-align: justify;\">L&#8217;evento\u00a0 &#8211; dicono &#8211; promette di essere un&#8217;occasione di profonda riflessione civile e politica, invitando la comunit\u00e0 a partecipare attivamente al dialogo. La presenza di <strong>Piero Marrazzo<\/strong>\u00a0aggiunge un valore inestimabile all&#8217;incontro, rendendo la serata imperdibile per chiunque sia interessato alla storia recente del nostro Paese e al potere salvifico della verit\u00e0 e del riconoscimento delle proprie colpe.<\/p>\n<p style=\"font-weight: 400;\">\n<div class=\"radio-posizionamento-telefono-in-articoli-dopo-il-contenuto-articolo radio-entity-placement\" id=\"radio-3458485020\"><div id=\"radio-3342703390\"><a href=\"https:\/\/grupporedi.it\/\" aria-label=\"Redi-Qr\"><img loading=\"lazy\" decoding=\"async\" src=\"https:\/\/www.radioluna.it\/news\/wp-content\/uploads\/2026\/03\/Redi-Qr.jpg\" alt=\"\"  srcset=\"https:\/\/www.radioluna.it\/news\/wp-content\/uploads\/2026\/03\/Redi-Qr.jpg 800w, https:\/\/www.radioluna.it\/news\/wp-content\/uploads\/2026\/03\/Redi-Qr-768x639.jpg 768w\" sizes=\"(max-width: 800px) 100vw, 800px\" width=\"300\" height=\"250\"   \/><\/a><\/div><\/div>","protected":false},"excerpt":{"rendered":"<p>LATINA &#8211; Piero Marrazzo, giornalista gi\u00e0 presidente della Regione Lazio, sar\u00e0 a Latina\u00a0 sabato 16 novembre (alle 18)\u00a0 al Museo Giannini\u00a0per presentare il suo libro Storia senza eroi (Marsilio) in cui\u00a0 ha deciso raccontare il dietro-le-quinte del cosiddetto &#8220;scandalo Marrazzo&#8221; che lo costrinse, anche su richiesta del suo partito, il Pd, a dimettersi e a [&hellip;]<\/p>\n","protected":false},"author":60,"featured_media":364046,"comment_status":"open","ping_status":"open","sticky":false,"template":"","format":"standard","meta":{"footnotes":""},"categories":[2424],"tags":[],"class_list":["post-364045","post","type-post","status-publish","format-standard","has-post-thumbnail","hentry","category-i-nostri-libri"],"_links":{"self":[{"href":"https:\/\/www.radioluna.it\/news\/wp-json\/wp\/v2\/posts\/364045","targetHints":{"allow":["GET"]}}],"collection":[{"href":"https:\/\/www.radioluna.it\/news\/wp-json\/wp\/v2\/posts"}],"about":[{"href":"https:\/\/www.radioluna.it\/news\/wp-json\/wp\/v2\/types\/post"}],"author":[{"embeddable":true,"href":"https:\/\/www.radioluna.it\/news\/wp-json\/wp\/v2\/users\/60"}],"replies":[{"embeddable":true,"href":"https:\/\/www.radioluna.it\/news\/wp-json\/wp\/v2\/comments?post=364045"}],"version-history":[{"count":8,"href":"https:\/\/www.radioluna.it\/news\/wp-json\/wp\/v2\/posts\/364045\/revisions"}],"predecessor-version":[{"id":364090,"href":"https:\/\/www.radioluna.it\/news\/wp-json\/wp\/v2\/posts\/364045\/revisions\/364090"}],"wp:featuredmedia":[{"embeddable":true,"href":"https:\/\/www.radioluna.it\/news\/wp-json\/wp\/v2\/media\/364046"}],"wp:attachment":[{"href":"https:\/\/www.radioluna.it\/news\/wp-json\/wp\/v2\/media?parent=364045"}],"wp:term":[{"taxonomy":"category","embeddable":true,"href":"https:\/\/www.radioluna.it\/news\/wp-json\/wp\/v2\/categories?post=364045"},{"taxonomy":"post_tag","embeddable":true,"href":"https:\/\/www.radioluna.it\/news\/wp-json\/wp\/v2\/tags?post=364045"}],"curies":[{"name":"wp","href":"https:\/\/api.w.org\/{rel}","templated":true}]}}