{"id":364177,"date":"2024-11-16T08:13:25","date_gmt":"2024-11-16T07:13:25","guid":{"rendered":"https:\/\/www.radioluna.it\/news\/?p=364177"},"modified":"2024-11-16T08:13:25","modified_gmt":"2024-11-16T07:13:25","slug":"a-foce-verde-si-inaugura-laltalena-inclusiva","status":"publish","type":"post","link":"https:\/\/www.radioluna.it\/news\/2024\/11\/a-foce-verde-si-inaugura-laltalena-inclusiva\/","title":{"rendered":"A Foce Verde si inaugura l&#8217;altalena inclusiva"},"content":{"rendered":"<div id=\"fb-root\"><\/div>\n<p style=\"text-align: justify;\"><img loading=\"lazy\" decoding=\"async\" class=\" wp-image-364179 alignleft\" src=\"https:\/\/www.radioluna.it\/news\/wp-content\/uploads\/2024\/11\/WhatsApp-Image-2024-11-15-at-06.30.10-1.jpeg\" alt=\"\" width=\"391\" height=\"552\" srcset=\"https:\/\/www.radioluna.it\/news\/wp-content\/uploads\/2024\/11\/WhatsApp-Image-2024-11-15-at-06.30.10-1.jpeg 1125w, https:\/\/www.radioluna.it\/news\/wp-content\/uploads\/2024\/11\/WhatsApp-Image-2024-11-15-at-06.30.10-1-768x1084.jpeg 768w, https:\/\/www.radioluna.it\/news\/wp-content\/uploads\/2024\/11\/WhatsApp-Image-2024-11-15-at-06.30.10-1-1088x1536.jpeg 1088w\" sizes=\"auto, (max-width: 391px) 100vw, 391px\" \/><strong>LATINA<\/strong> &#8211; L&#8217;associazione Il Libro di Emiliano (&#8230;una storia da continuare)\u00a0 dona alla citt\u00e0 un&#8217; altalena inclusiva. L&#8217;appuntamento con l&#8217;inaugurazione \u00e8 per domenica 17 novembre alle 10,30 in piazzale dei Navigatori a Foce Verde dove l&#8217;altalena, che pu\u00f2 accogliere anche bambini con disabilit\u00e0 motoria, \u00e8 stata installata.<\/p>\n<p style=\"text-align: justify;\">L&#8217;Aps \u00e8 nata dopo la morte di un ragazzo con distrofia muscolare di Duchenne, per sensibilizzare la comunit\u00e0 sul tema delle barriere architettoniche che rendono pi\u00f9 difficile la vita di chi convive con una disabilit\u00e0.<\/p>\n<div class=\"radio-posizionamento-telefono-in-articoli-dopo-il-contenuto-articolo radio-entity-placement\" id=\"radio-2259432152\"><div id=\"radio-3878319301\"><a href=\"https:\/\/grupporedi.it\/\" aria-label=\"Redi-Qr\"><img loading=\"lazy\" decoding=\"async\" src=\"https:\/\/www.radioluna.it\/news\/wp-content\/uploads\/2026\/03\/Redi-Qr.jpg\" alt=\"\"  srcset=\"https:\/\/www.radioluna.it\/news\/wp-content\/uploads\/2026\/03\/Redi-Qr.jpg 800w, https:\/\/www.radioluna.it\/news\/wp-content\/uploads\/2026\/03\/Redi-Qr-768x639.jpg 768w\" sizes=\"(max-width: 800px) 100vw, 800px\" width=\"300\" height=\"250\"   \/><\/a><\/div><\/div>","protected":false},"excerpt":{"rendered":"<p>LATINA &#8211; L&#8217;associazione Il Libro di Emiliano (&#8230;una storia da continuare)\u00a0 dona alla citt\u00e0 un&#8217; altalena inclusiva. L&#8217;appuntamento con l&#8217;inaugurazione \u00e8 per domenica 17 novembre alle 10,30 in piazzale dei Navigatori a Foce Verde dove l&#8217;altalena, che pu\u00f2 accogliere anche bambini con disabilit\u00e0 motoria, \u00e8 stata installata. L&#8217;Aps \u00e8 nata dopo la morte di un [&hellip;]<\/p>\n","protected":false},"author":60,"featured_media":364178,"comment_status":"open","ping_status":"open","sticky":false,"template":"","format":"standard","meta":{"footnotes":""},"categories":[16,734],"tags":[],"class_list":["post-364177","post","type-post","status-publish","format-standard","has-post-thumbnail","hentry","category-appuntamenti","category-evidenza"],"_links":{"self":[{"href":"https:\/\/www.radioluna.it\/news\/wp-json\/wp\/v2\/posts\/364177","targetHints":{"allow":["GET"]}}],"collection":[{"href":"https:\/\/www.radioluna.it\/news\/wp-json\/wp\/v2\/posts"}],"about":[{"href":"https:\/\/www.radioluna.it\/news\/wp-json\/wp\/v2\/types\/post"}],"author":[{"embeddable":true,"href":"https:\/\/www.radioluna.it\/news\/wp-json\/wp\/v2\/users\/60"}],"replies":[{"embeddable":true,"href":"https:\/\/www.radioluna.it\/news\/wp-json\/wp\/v2\/comments?post=364177"}],"version-history":[{"count":1,"href":"https:\/\/www.radioluna.it\/news\/wp-json\/wp\/v2\/posts\/364177\/revisions"}],"predecessor-version":[{"id":364180,"href":"https:\/\/www.radioluna.it\/news\/wp-json\/wp\/v2\/posts\/364177\/revisions\/364180"}],"wp:featuredmedia":[{"embeddable":true,"href":"https:\/\/www.radioluna.it\/news\/wp-json\/wp\/v2\/media\/364178"}],"wp:attachment":[{"href":"https:\/\/www.radioluna.it\/news\/wp-json\/wp\/v2\/media?parent=364177"}],"wp:term":[{"taxonomy":"category","embeddable":true,"href":"https:\/\/www.radioluna.it\/news\/wp-json\/wp\/v2\/categories?post=364177"},{"taxonomy":"post_tag","embeddable":true,"href":"https:\/\/www.radioluna.it\/news\/wp-json\/wp\/v2\/tags?post=364177"}],"curies":[{"name":"wp","href":"https:\/\/api.w.org\/{rel}","templated":true}]}}