{"id":364234,"date":"2024-11-16T10:39:13","date_gmt":"2024-11-16T09:39:13","guid":{"rendered":"https:\/\/www.radioluna.it\/news\/?p=364234"},"modified":"2024-11-20T07:34:37","modified_gmt":"2024-11-20T06:34:37","slug":"latina-ce-delio-rossi-al-festival-del-calcio-italiano","status":"publish","type":"post","link":"https:\/\/www.radioluna.it\/news\/2024\/11\/latina-ce-delio-rossi-al-festival-del-calcio-italiano\/","title":{"rendered":"Latina, c&#8217;\u00e8 Delio Rossi al Festival del Calcio Italiano. Luned\u00ec il Gran Gal\u00e0"},"content":{"rendered":"<div id=\"fb-root\"><\/div>\n<p style=\"text-align: justify;\"><strong>LATINA<\/strong> &#8211; Il comune di Latina ospita oggi \u00a0il Festival del Calcio Italiano. Questa mattina nella sala de Pasquale del Comune l\u2019evento &#8220;I Protagonisti del Calcio si raccontano&#8221; con Delio Rossi allenatore di Serie A, tra le altre, con Lazio, Sampdoria e Fiorentina, e nel pomeriggio alle 17 con Mario Somma, ex allenatore di Latina e Terracina.<\/p>\n<p style=\"text-align: justify;\">Previste anche le presentazioni di due nuove pubblicazioni (Paquito Catanzaro: \u201cIl Dio del pallone. Ascesa e caduta di Diego Armando Maradona nella letteratura\u201d \u00a0e nel pomeriggio \u00a0alle 16 Gianluca Atlante presenter\u00e0 il suo \u00a0\u201cVincenzo D\u2019Amico. Volevo giocare nella Lazio\u201d, la giornata si chiuder\u00e0 con un appuntamento dedicato al Calcio Senza Frontiere con la \u201cFair Play School Latina\u201d e la cerimonia di premiazione degli Sport Marketing Awards.<\/p>\n<p style=\"text-align: justify;\">L&#8217;appuntamento clue della manifestazione il Gran Gal\u00e0 del Calcio si terr\u00e0 luned\u00ec 18 novembre a Villa Egidio a Borgo Grappa e vedr\u00e0 la partecipazione di grandi nomi del calcio italiano. I premiati sono:<\/p>\n<p style=\"text-align: justify;\">Miglior Portiere Ivan Provedel; Miglior Difensore Federico Dimarco; Miglior Centrocampista, Nicol\u00f2 Barella; Miglior Attaccante, Gianluca Scamacca; Calciatore Dell\u2019Anno, Riccardo Calafiori;<br \/>\nGiovane Dell\u2019Anno Lorenzo Lucca; Gol Dell\u2019Anno Federico Dimarco (INTER \u2013 Frosinone 2-0 12\/11\/2023), Micheal Folorunsho (HELLAS VERONA \u2013 Juventus 2-2 17\/02\/2024); Procuratore Dell\u2019Anno, Romualdo Corvino; Giovane Procuratore Dell\u2019Anno, Esse Sports Agency Srl; Allenatore Dell\u2019Anno, Simone Inzaghi, Gian Piero Gasperini; Giovane Allenatore Dell\u2019Anno, Raffaele Palladino; Responsabile Settore Giovanile Dell\u2019Anno Francesco Palmieri; Responsabile Area Scouting Dell\u2019Anno Dario Rossi; Club Dell\u2019Anno Atalanta Bergamasca Calcio Srl; Presidente Dell\u2019Anno Claudio Lotito; Dirigente Sportivo Dell\u2019Anno Sean Sogliano; Direttore Sportivo Dell\u2019Anno, Tony D\u2019Amico; Giovane Direttore Sportivo Dell\u2019Anno Roberto Gemmi e Gennaro Delvecchio;<br \/>\nTeam Manager Dell\u2019Anno Carmine Russo.<\/p>\n<p style=\"text-align: justify;\">Responsabile Comunicazione Dell\u2019Anno.\u00a0Alessandro Ferrari<br \/>\nAddetto Stampa Dell\u2019Anno Gianni Castaldi<br \/>\nGestione Social Dell\u2019Anno Genoa Cricket and Football Club Spa<br \/>\nEsordiente Dell\u2019Anno Gaetano Oristanio<br \/>\nRivelazione Dell\u2019Anno Daniel Maldini e Gianluca Gaetano<\/p>\n<p style=\"text-align: justify;\">Squadra che ha giocato con pi\u00f9 giocatori italiani AC Monza Spa<br \/>\nPremio alla Carriera Roberto Scarnecchia.<\/p>\n<p><a href=\"http:\/\/www.festivaldelcalcioitaliano.com\">www.festivaldelcalcioitaliano.com\u00a0<\/a><\/p>\n<div class=\"radio-posizionamento-telefono-in-articoli-dopo-il-contenuto-articolo radio-entity-placement\" id=\"radio-1585613454\"><div id=\"radio-504654822\"><a href=\"https:\/\/www.simeoneceramiche.com\/\" aria-label=\"SIMEONE CERAMICHE GIF animata per radioluna_Tavola disegno 1 copia 2 (online-video-cutter.com)\"><img loading=\"lazy\" decoding=\"async\" src=\"https:\/\/www.radioluna.it\/news\/wp-content\/uploads\/2025\/05\/SIMEONE-CERAMICHE-GIF-animata-per-radioluna_Tavola-disegno-1-copia-2-online-video-cutter.com_.gif\" alt=\"\"  width=\"300\" height=\"250\"   \/><\/a><\/div><\/div>","protected":false},"excerpt":{"rendered":"<p>LATINA &#8211; Il comune di Latina ospita oggi \u00a0il Festival del Calcio Italiano. Questa mattina nella sala de Pasquale del Comune l\u2019evento &#8220;I Protagonisti del Calcio si raccontano&#8221; con Delio Rossi allenatore di Serie A, tra le altre, con Lazio, Sampdoria e Fiorentina, e nel pomeriggio alle 17 con Mario Somma, ex allenatore di Latina [&hellip;]<\/p>\n","protected":false},"author":5430,"featured_media":364235,"comment_status":"open","ping_status":"open","sticky":false,"template":"","format":"gallery","meta":{"footnotes":""},"categories":[17],"tags":[],"class_list":["post-364234","post","type-post","status-publish","format-gallery","has-post-thumbnail","hentry","category-sport","post_format-post-format-gallery"],"_links":{"self":[{"href":"https:\/\/www.radioluna.it\/news\/wp-json\/wp\/v2\/posts\/364234","targetHints":{"allow":["GET"]}}],"collection":[{"href":"https:\/\/www.radioluna.it\/news\/wp-json\/wp\/v2\/posts"}],"about":[{"href":"https:\/\/www.radioluna.it\/news\/wp-json\/wp\/v2\/types\/post"}],"author":[{"embeddable":true,"href":"https:\/\/www.radioluna.it\/news\/wp-json\/wp\/v2\/users\/5430"}],"replies":[{"embeddable":true,"href":"https:\/\/www.radioluna.it\/news\/wp-json\/wp\/v2\/comments?post=364234"}],"version-history":[{"count":4,"href":"https:\/\/www.radioluna.it\/news\/wp-json\/wp\/v2\/posts\/364234\/revisions"}],"predecessor-version":[{"id":364242,"href":"https:\/\/www.radioluna.it\/news\/wp-json\/wp\/v2\/posts\/364234\/revisions\/364242"}],"wp:featuredmedia":[{"embeddable":true,"href":"https:\/\/www.radioluna.it\/news\/wp-json\/wp\/v2\/media\/364235"}],"wp:attachment":[{"href":"https:\/\/www.radioluna.it\/news\/wp-json\/wp\/v2\/media?parent=364234"}],"wp:term":[{"taxonomy":"category","embeddable":true,"href":"https:\/\/www.radioluna.it\/news\/wp-json\/wp\/v2\/categories?post=364234"},{"taxonomy":"post_tag","embeddable":true,"href":"https:\/\/www.radioluna.it\/news\/wp-json\/wp\/v2\/tags?post=364234"}],"curies":[{"name":"wp","href":"https:\/\/api.w.org\/{rel}","templated":true}]}}