{"id":365251,"date":"2024-12-02T08:37:24","date_gmt":"2024-12-02T07:37:24","guid":{"rendered":"https:\/\/www.radioluna.it\/news\/?p=365251"},"modified":"2024-12-02T08:37:24","modified_gmt":"2024-12-02T07:37:24","slug":"fabrizio-giona-vince-il-concorso-racconti-di-sabaudia","status":"publish","type":"post","link":"https:\/\/www.radioluna.it\/news\/2024\/12\/fabrizio-giona-vince-il-concorso-racconti-di-sabaudia\/","title":{"rendered":"Fabrizio Giona\u00a0 vince il concorso Racconti di Sabaudia"},"content":{"rendered":"<div id=\"fb-root\"><\/div>\n<p style=\"text-align: justify;\">(In foto con il vincitore Fabrizio Giona,\u00a0 Katia Ferri, comandante del Reparto Carabinieri Parco Nazionale del Circeo)<\/p>\n<p style=\"text-align: justify;\"><strong>SABAUDIA<\/strong> &#8211; E&#8217; il giornalista di Latina Fabrizio Giona\u00a0 il vincitore dell&#8217;ultima edizione del concorso di narrativa Racconti di Sabaudia. La premiazione \u00e8 avvenuta nel corso di un evento che si \u00e8 tenuto sabato 30 novembre al Centro di documentazione A. Mazzoni di Sabaudia. Con il suo racconto \u201cUne petite folie\u201d ha conquistato il favore della giuria d\u2019onore e del pubblico di lettori, regalando una storia che omaggia Sabaudia, il suo mare e Villa Volpi che campeggia sulla duna, &#8220;Una riflessione sul nostro essere nel mondo e sulla continua lotta interna che \u00e8 insita nel dna dell\u2019essere umano&#8221;, spiega l&#8217;autore .<\/p>\n<p style=\"text-align: justify;\">\u201cIl racconto vuole essere un invito alla gentilezza, nei confronti di noi stessi prima ancora che del prossimo. Questo, nella frenesia pressante in cui viviamo, \u00e8 un vero atto di coraggio \u2013 racconta Fabrizio Giona \u2013 Oggi abbiamo tutti necessit\u00e0 di essere pi\u00f9 indulgenti, di imparare a perdonarci, a perdonare gli errori commessi e i nostri difetti, di accettare luci e ombre del nostro essere. Perch\u00e9 con la consapevolezza di ci\u00f2 che siamo, possiamo vivere pi\u00f9 sereni e con maggiore pienezza. \u2018Une petite folie\u2019 \u2013 continua \u2013 \u00e8 il mio omaggio a Sabaudia, citt\u00e0 che mi ha accolto professionalmente per cinque lunghi anni, al suo fascino irrefrenabile, a quella sua aura di nostalgia mista ad esaltazione, a quel suo lungomare intriso di impeto e riflessione. Un racconto in segno di riconoscenza, perch\u00e9 Sabaudia mi ha insegnato l\u2019amor proprio e a lottare instancabilmente per le cose in cui credo\u201d.<\/p>\n<p style=\"text-align: justify;\">Racconti di Sabaudia, divenuto oramai un brand culturale conosciuto a livello nazionale, \u00e8 stato sostenuto nel suo lungo cammino della durata di un anno dalla Regione Lazio, dal Comune di Sabaudia, da Enel, Esri Italia, Consorzio Mare Pontino, Varigrafica Alto Lazio.<\/p>\n<p style=\"text-align: justify;\">Il secondo premio del concorso letterario se lo \u00e8 aggiudicato Napoli con Silvana Tranchino insegnante di materie letterarie e le sue \u201cQuattro spose a Sabaudia\u201d, il terzo \u00e8 andato all\u2019infermiera Maura Barbani che porta cos\u00ec Santa Marinella per la prima volta sul podio con il racconto \u201cL\u2019ermellino e l\u2019arcobaleno\u201d.<\/p>\n<p style=\"text-align: justify;\">Il contest fotografico 2024 si tinge tutto di rosa e vede al primo posto la fotografia di Francesca Zito, al secondo quella di Barbara Cicconi e al terzo lo scatto di Anna Manfredi. Numerosi i riconoscimenti consegnati per la narrativa e per la fotografia anche da parte di Enel, Regione Lazio e Consorzio Mare Pontino. Una targa assegnata all\u2019immagine di Irene Abati ha ricordato Alfredo Vitali lo storico fotografo di Sabaudia con il premio Emore a lui titolato.<\/p>\n","protected":false},"excerpt":{"rendered":"<p>(In foto con il vincitore Fabrizio Giona,\u00a0 Katia Ferri, comandante del Reparto Carabinieri Parco Nazionale del Circeo) SABAUDIA &#8211; E&#8217; il giornalista di Latina Fabrizio Giona\u00a0 il vincitore dell&#8217;ultima edizione del concorso di narrativa Racconti di Sabaudia. La premiazione \u00e8 avvenuta nel corso di un evento che si \u00e8 tenuto sabato 30 novembre al Centro [&hellip;]<\/p>\n","protected":false},"author":60,"featured_media":365252,"comment_status":"open","ping_status":"open","sticky":false,"template":"","format":"standard","meta":{"footnotes":""},"categories":[2424],"tags":[],"class_list":["post-365251","post","type-post","status-publish","format-standard","has-post-thumbnail","hentry","category-i-nostri-libri"],"_links":{"self":[{"href":"https:\/\/www.radioluna.it\/news\/wp-json\/wp\/v2\/posts\/365251","targetHints":{"allow":["GET"]}}],"collection":[{"href":"https:\/\/www.radioluna.it\/news\/wp-json\/wp\/v2\/posts"}],"about":[{"href":"https:\/\/www.radioluna.it\/news\/wp-json\/wp\/v2\/types\/post"}],"author":[{"embeddable":true,"href":"https:\/\/www.radioluna.it\/news\/wp-json\/wp\/v2\/users\/60"}],"replies":[{"embeddable":true,"href":"https:\/\/www.radioluna.it\/news\/wp-json\/wp\/v2\/comments?post=365251"}],"version-history":[{"count":2,"href":"https:\/\/www.radioluna.it\/news\/wp-json\/wp\/v2\/posts\/365251\/revisions"}],"predecessor-version":[{"id":365254,"href":"https:\/\/www.radioluna.it\/news\/wp-json\/wp\/v2\/posts\/365251\/revisions\/365254"}],"wp:featuredmedia":[{"embeddable":true,"href":"https:\/\/www.radioluna.it\/news\/wp-json\/wp\/v2\/media\/365252"}],"wp:attachment":[{"href":"https:\/\/www.radioluna.it\/news\/wp-json\/wp\/v2\/media?parent=365251"}],"wp:term":[{"taxonomy":"category","embeddable":true,"href":"https:\/\/www.radioluna.it\/news\/wp-json\/wp\/v2\/categories?post=365251"},{"taxonomy":"post_tag","embeddable":true,"href":"https:\/\/www.radioluna.it\/news\/wp-json\/wp\/v2\/tags?post=365251"}],"curies":[{"name":"wp","href":"https:\/\/api.w.org\/{rel}","templated":true}]}}