{"id":365269,"date":"2024-12-02T09:46:15","date_gmt":"2024-12-02T08:46:15","guid":{"rendered":"https:\/\/www.radioluna.it\/news\/?p=365269"},"modified":"2024-12-04T14:16:20","modified_gmt":"2024-12-04T13:16:20","slug":"incidente-tra-auto-e-mezzo-della-abc-sulla-via-dei-monti-lepini-chiuso-il-tratto-al-km-49","status":"publish","type":"post","link":"https:\/\/www.radioluna.it\/news\/2024\/12\/incidente-tra-auto-e-mezzo-della-abc-sulla-via-dei-monti-lepini-chiuso-il-tratto-al-km-49\/","title":{"rendered":"Grave incidente sulla Via dei Monti Lepini, due feriti, uno in codice rosso. Riaperto il tratto al km 49"},"content":{"rendered":"<div id=\"fb-root\"><\/div>\n<p style=\"text-align: justify;\"><strong>LATINA\u00a0 &#8211;<\/strong> Un grave incidente stradale ha coinvolto questa mattina intorno alle 9\u00a0 un piccolo compattatore dell&#8217;Abc e un&#8217;auto che si sono scontrati sulla Via dei Monti Lepini tra Latina e Borgo San Michele. Il tratto al km 49 \u00e8 stato a lungo chiuso in entrambe le direzioni e sul posto hanno operato\u00a0 la polizia locale di Latina per la viabilit\u00e0 e i rilievi, i vigili del fuoco e l&#8217;Anas.<\/p>\n<p style=\"text-align: justify;\">Secondo una primissima ricostruzione, i due veicoli percorrevano l&#8217;arteria entrambi in direzione di Latina quando il mezzo del servizio rifiuti si \u00e8 fermato per immettersi a sinistra\u00a0 nell&#8217;area del vivaio Agriverde. Alle sue spalle la fila di veicoli ferma in attesa della manovra \u00e8 stata superata dall&#8217;auto guidata da un giovane che si \u00e8 trovata davanti il compattatore in fase di svolta e l&#8217;ha centrato. In seguito all&#8217;impatto il mezzo si \u00e8 ribaltato. Feriti entrambi i conducenti che sono stati portati all&#8217;ospedale Goretti dalle ambulanze del 118. Il pi\u00f9 grave \u00e8 il conducente della Mercedes.<\/p>\n<p style=\"text-align: justify;\">Per rimuovere il mezzo di Abc ha operato l&#8217;autogru dei vigili del fuoco. Al termine delle operazioni e dopo la pulizia della carreggiata, l&#8217;arteria \u00e8 stata riaperta.<\/p>\n","protected":false},"excerpt":{"rendered":"<p>LATINA\u00a0 &#8211; Un grave incidente stradale ha coinvolto questa mattina intorno alle 9\u00a0 un piccolo compattatore dell&#8217;Abc e un&#8217;auto che si sono scontrati sulla Via dei Monti Lepini tra Latina e Borgo San Michele. Il tratto al km 49 \u00e8 stato a lungo chiuso in entrambe le direzioni e sul posto hanno operato\u00a0 la polizia [&hellip;]<\/p>\n","protected":false},"author":62,"featured_media":365273,"comment_status":"open","ping_status":"open","sticky":false,"template":"","format":"gallery","meta":{"footnotes":""},"categories":[7],"tags":[],"class_list":["post-365269","post","type-post","status-publish","format-gallery","has-post-thumbnail","hentry","category-cronaca","post_format-post-format-gallery"],"_links":{"self":[{"href":"https:\/\/www.radioluna.it\/news\/wp-json\/wp\/v2\/posts\/365269","targetHints":{"allow":["GET"]}}],"collection":[{"href":"https:\/\/www.radioluna.it\/news\/wp-json\/wp\/v2\/posts"}],"about":[{"href":"https:\/\/www.radioluna.it\/news\/wp-json\/wp\/v2\/types\/post"}],"author":[{"embeddable":true,"href":"https:\/\/www.radioluna.it\/news\/wp-json\/wp\/v2\/users\/62"}],"replies":[{"embeddable":true,"href":"https:\/\/www.radioluna.it\/news\/wp-json\/wp\/v2\/comments?post=365269"}],"version-history":[{"count":11,"href":"https:\/\/www.radioluna.it\/news\/wp-json\/wp\/v2\/posts\/365269\/revisions"}],"predecessor-version":[{"id":365295,"href":"https:\/\/www.radioluna.it\/news\/wp-json\/wp\/v2\/posts\/365269\/revisions\/365295"}],"wp:featuredmedia":[{"embeddable":true,"href":"https:\/\/www.radioluna.it\/news\/wp-json\/wp\/v2\/media\/365273"}],"wp:attachment":[{"href":"https:\/\/www.radioluna.it\/news\/wp-json\/wp\/v2\/media?parent=365269"}],"wp:term":[{"taxonomy":"category","embeddable":true,"href":"https:\/\/www.radioluna.it\/news\/wp-json\/wp\/v2\/categories?post=365269"},{"taxonomy":"post_tag","embeddable":true,"href":"https:\/\/www.radioluna.it\/news\/wp-json\/wp\/v2\/tags?post=365269"}],"curies":[{"name":"wp","href":"https:\/\/api.w.org\/{rel}","templated":true}]}}