{"id":365399,"date":"2024-12-04T10:35:56","date_gmt":"2024-12-04T09:35:56","guid":{"rendered":"https:\/\/www.radioluna.it\/news\/?p=365399"},"modified":"2024-12-04T10:35:56","modified_gmt":"2024-12-04T09:35:56","slug":"natale-al-parco-nazionale-del-circeo-dal-7-dicembre-al-6-gennaio-oltre-30-appuntamenti-gratuiti","status":"publish","type":"post","link":"https:\/\/www.radioluna.it\/news\/2024\/12\/natale-al-parco-nazionale-del-circeo-dal-7-dicembre-al-6-gennaio-oltre-30-appuntamenti-gratuiti\/","title":{"rendered":"Natale al Parco Nazionale del Circeo: dal 7 dicembre al 6 gennaio oltre 30 appuntamenti gratuiti"},"content":{"rendered":"<div id=\"fb-root\"><\/div>\n<p style=\"text-align: justify;\"><strong>SABAUDIA<\/strong> &#8211;\u00a0 Natura, escursioni, sport, enogastronomia, tradizioni e musica per festeggiare il Natale anche nel Parco Nazionale del Circeo. Il calendario, dal 7 dicembre al 6 gennaio, \u00e8 stato realizzato dall&#8217;Ente Parco in collaborazione con la Pro Loco Sabaudia e la Pro Loco San Felice Circeo, il Reparto Carabinieri Biodiversit\u00e0 di Fogliano, la Rete di imprese Mare di Miti e con il patrocinio dei Comuni di Sabaudia e San Felice Circeo.<\/p>\n<p style=\"text-align: justify;\">Appuntamenti dedicati a piccoli e grandi vedono coinvolte varie associazioni che promuoveranno attivit\u00e0 di turismo lento e sostenibile, trekking,\u00a0 escursioni a cavallo, in bici o in dragon boat, sport e meditazione, ma anche degustazioni con il Mercatino dei prodotti locali a Marchio Natura in Campo, teatro e percorsi di interpretazione ambientale.<\/p>\n<p style=\"text-align: justify;\">Sar\u00e0 anche presentata la nuova Video guida Lazio Uomo e Natura, dedicata al Parco Nazionale del Circeo.<\/p>\n<p style=\"text-align: justify;\">L\u2019avvio alle festivit\u00e0, come da tradizione, sar\u00e0 dato l\u20198 dicembre dalle ore 16.00, con l\u2019accensione delle luminarie presso la Porta del Parco, cuore delle attivit\u00e0 natalizie.<\/p>\n<p style=\"text-align: justify;\">\u00abSono particolarmente entusiasta di questo programma di iniziative \u2013 ha sottolineato Emanuela Zappone, commissaria straordinaria dell\u2019Ente Parco \u2013 soprattutto perch\u00e9 per la prima volta in assoluto, l\u2019Ente Parco si far\u00e0 promotore dell\u2019accensione delle luminarie natalizie presso la Porta del Parco. Questa iniziativa rappresenta molto pi\u00f9 di una semplice tradizione natalizia, \u00e8 il simbolo tangibile del percorso che il Parco ha intrapreso negli ultimi mesi per diventare un luogo sempre pi\u00f9 inclusivo, accogliente e vicino alla comunit\u00e0.<\/p>\n<p style=\"text-align: justify;\">La porta del Parco, al Centro Visitatori, con le sue luminarie, sar\u00e0 il cuore pulsante delle festivit\u00e0, un punto di incontro e di condivisione, dove natura, cultura e spirito natalizio si fondono per regalare momenti unici a cittadini e visitatori. Questo passo segna un\u2019evoluzione significativa nella nostra missione di valorizzare il Parco come spazio aperto, vivo e accessibile, grazie anche alla straordinaria collaborazione con la Regione Lazio, le Pro Loco di Sabaudia e di San Felice Circeo. Desidero inoltre esprimere un ringraziamento particolare al\u00a0Reparto Carabinieri Biodiversit\u00e0 di Fogliano, che ha reso possibile questa iniziativa in maniera concreta. \u00c8 grazie al loro impegno e alla loro dedizione che le luminarie diventeranno realt\u00e0: dalla progettazione alla predisposizione e installazione delle sagome in legno degli animali che illumineranno la zona, tutto \u00e8 stato realizzato con cura e professionalit\u00e0. Questo contributo straordinario testimonia ancora una volta la proficua sinergia che caratterizza il nostro lavoro insieme.<\/p>\n<p>Siamo orgogliosi di offrire a tutti l\u2019opportunit\u00e0 di vivere la magia del Natale in uno scenario naturale di straordinaria bellezza, unendo tradizione, sostenibilit\u00e0 e inclusivit\u00e0 in un progetto che speriamo possa crescere e consolidarsi negli anni a venire\u00bb.<\/p>\n<p>\u201cQuesta manifestazione \u2013 commenta il direttore dell\u2019Ente Parco Nazionale del Circeo, Stefano Donati \u2013 \u00e8 finalizzata a promuovere anche la Riserva di Biosfera UNESCO, il cui obiettivo \u00e8 assicurare lo sviluppo sostenibile della comunit\u00e0 a partire dalla tutela del patrimonio naturale. L\u2019incontro tra le Associazioni del territorio e le Istituzioni che ha concepito questi eventi \u00e8 la sintesi perfetta di questo approccio: dialogo e collaborazione a tutti i livelli, nel connubio tra tutela e sviluppo\u201d.<\/p>\n<p>\u00abIl Parco Nazionale del Circeo \u2013 spiega il presidente della Pro Loco Sabaudia, Gennaro Di Leva \u2013 ancora una volta offre ispirazione e scenario per una progettualit\u00e0 che vede partecipe la nostra Associazione. Per la prima volta per\u00f2 diviene \u201cterreno comune\u201d su cui poter progettare un programma condiviso, assecondando l\u2019obiettivo di valorizzare il territorio in modo sinergico e inclusivo\u00bb.<\/p>\n<p>\u00abIn veste di presidente della Pro Loco di San Felice Circeo \u2013 dichiara Manuel Attardo \u2013 unitamente a tutta l&#8217;Associazione e sostenuto dal suo Direttivo, siamo in prima linea in questa splendida iniziativa integrata tra i vari territori del parco. Sono davvero onorato di poter partecipare a questa nuova collaborazione, e spero che sar\u00e0 solo l&#8217;inizio di un legame duraturo, cos\u00ec prezioso per sostenere e far conoscere ci\u00f2 che il nostro territorio unico nel suo genere ha da offrire\u00bb.<\/p>\n<p>La partecipazione a tutte le attivit\u00e0 \u00e8 gratuita.<\/p>\n<p>&nbsp;<\/p>\n","protected":false},"excerpt":{"rendered":"<p>SABAUDIA &#8211;\u00a0 Natura, escursioni, sport, enogastronomia, tradizioni e musica per festeggiare il Natale anche nel Parco Nazionale del Circeo. Il calendario, dal 7 dicembre al 6 gennaio, \u00e8 stato realizzato dall&#8217;Ente Parco in collaborazione con la Pro Loco Sabaudia e la Pro Loco San Felice Circeo, il Reparto Carabinieri Biodiversit\u00e0 di Fogliano, la Rete di [&hellip;]<\/p>\n","protected":false},"author":60,"featured_media":260042,"comment_status":"open","ping_status":"open","sticky":false,"template":"","format":"gallery","meta":{"footnotes":""},"categories":[12,16,734],"tags":[],"class_list":["post-365399","post","type-post","status-publish","format-gallery","has-post-thumbnail","hentry","category-ambiente","category-appuntamenti","category-evidenza","post_format-post-format-gallery"],"_links":{"self":[{"href":"https:\/\/www.radioluna.it\/news\/wp-json\/wp\/v2\/posts\/365399","targetHints":{"allow":["GET"]}}],"collection":[{"href":"https:\/\/www.radioluna.it\/news\/wp-json\/wp\/v2\/posts"}],"about":[{"href":"https:\/\/www.radioluna.it\/news\/wp-json\/wp\/v2\/types\/post"}],"author":[{"embeddable":true,"href":"https:\/\/www.radioluna.it\/news\/wp-json\/wp\/v2\/users\/60"}],"replies":[{"embeddable":true,"href":"https:\/\/www.radioluna.it\/news\/wp-json\/wp\/v2\/comments?post=365399"}],"version-history":[{"count":1,"href":"https:\/\/www.radioluna.it\/news\/wp-json\/wp\/v2\/posts\/365399\/revisions"}],"predecessor-version":[{"id":365415,"href":"https:\/\/www.radioluna.it\/news\/wp-json\/wp\/v2\/posts\/365399\/revisions\/365415"}],"wp:featuredmedia":[{"embeddable":true,"href":"https:\/\/www.radioluna.it\/news\/wp-json\/wp\/v2\/media\/260042"}],"wp:attachment":[{"href":"https:\/\/www.radioluna.it\/news\/wp-json\/wp\/v2\/media?parent=365399"}],"wp:term":[{"taxonomy":"category","embeddable":true,"href":"https:\/\/www.radioluna.it\/news\/wp-json\/wp\/v2\/categories?post=365399"},{"taxonomy":"post_tag","embeddable":true,"href":"https:\/\/www.radioluna.it\/news\/wp-json\/wp\/v2\/tags?post=365399"}],"curies":[{"name":"wp","href":"https:\/\/api.w.org\/{rel}","templated":true}]}}