{"id":365675,"date":"2024-12-09T09:42:09","date_gmt":"2024-12-09T08:42:09","guid":{"rendered":"https:\/\/www.radioluna.it\/news\/?p=365675"},"modified":"2024-12-09T10:02:34","modified_gmt":"2024-12-09T09:02:34","slug":"disagio-giovanile-a-latina-e-il-tempo-dellascolto-ciolfi-chiamata-allazione","status":"publish","type":"post","link":"https:\/\/www.radioluna.it\/news\/2024\/12\/disagio-giovanile-a-latina-e-il-tempo-dellascolto-ciolfi-chiamata-allazione\/","title":{"rendered":"Disagio giovanile, a Latina \u00e8 &#8220;Il Tempo dell&#8217;Ascolto&#8221;. Ciolfi: &#8220;Chiamata all&#8217;azione&#8221;"},"content":{"rendered":"<div id=\"fb-root\"><\/div>\n<p style=\"text-align: justify;\"><strong><img loading=\"lazy\" decoding=\"async\" class=\" wp-image-365676 alignleft\" src=\"https:\/\/www.radioluna.it\/news\/wp-content\/uploads\/2024\/12\/WhatsApp-Image-2024-12-06-at-19.29.46.jpeg\" alt=\"\" width=\"479\" height=\"677\" \/>LATINA<\/strong> &#8211; Chiarire quali impegni possano essere assunti a livello locale, regionale e nazionale per garantire azioni concrete a supporto del benessere dei giovani e delle loro famiglie attraverso la creazione di una rete di supporto integrata. E&#8217; l&#8217;obiettivo del convegno \u201cIl Tempo dell&#8217;Ascolto \u2013 Confronto sul Disagio Giovanile\u201d, che si terr\u00e0 il 9 dicembre 2024 dalle 9:30 alle 13:30 presso il Circolo Cittadino di Latina, in Piazza del Popolo 2, organizzato dai gruppi consiliari M5S dei comuni di Latina e Cisterna. &#8220;Un evento che non sar\u00e0 solo un incontro di confronto, ma una vera e propria chiamata all&#8217;azione con l&#8217;obiettivo di costruire una rete territoriale solida e operativa tra tutti i settori coinvolti: scuola, famiglia, associazioni, esperti, istituzioni, ASL e sport&#8221;.<\/p>\n<p style=\"text-align: justify;\">Apriranno i lavori, i saluti istituzionali della Sindaca di Latina, Matilde Celentano, del Sindaco di Cisterna, Valentino Mantini e del Presidente della Provincia Gerardo Stefanelli.<\/p>\n<p style=\"text-align: justify;\">Il fenomeno del disagio giovanile \u00e8 in forte crescita a Latina e in altre realt\u00e0 italiane, come testimoniato da recenti episodi che hanno coinvolto giovani e giovanissimi nel capoluogo: atti vandalici all\u2019istituto comprensivo Da Vinci-Rodari e la gravissima aggressione avvenuta nella via dei Pub.<\/p>\n<p style=\"text-align: justify;\">Si tratta di un fenomeno complesso che si manifesta in forme diverse, spesso con una radice comune: la difficolt\u00e0 nel riconoscere il problema e nell&#8217;ammetterlo, soprattutto all&#8217;interno delle famiglie. Talvolta, infatti, il dolore di avere un figlio che vive il disagio fanno s\u00ec che si preferisca tacerlo e fingere che vada tutto bene. \u00c8 proprio qui che occorre il supporto maggiore per affrontare il problema con consapevolezza e in tempo.<\/p>\n<p style=\"text-align: justify;\">&#8220;Il convegno affronter\u00e0 il tema del disagio giovanile in maniera operativa, partendo dal fondamentale processo di ascolto con l&#8217;intento di dare vita ad azioni concrete. Non c&#8217;\u00e8 pi\u00f9 tempo per tavoli di confronto che portano a nulla: \u00e8 il momento di agire con consapevolezza dei problemi e lavorando insieme per costruire soluzioni durature. In questo contesto favoriremo il dialogo tra le realt\u00e0 associative, gli esperti del settore e le famiglie, e poi con le istituzioni locali e nazionali chiamate a impegni concreti sia in termini di finanziamento che in termini di percorsi operativi. Ampio spazio agli interventi dal pubblico per favorire la condivisione delle istanze e delle proposte da parte di tutti i partecipanti&#8221;, sottolineano in una nota i promotori che proprio con questi obiettivi hanno allargato a tutti la partecipazione.<\/p>\n<p style=\"text-align: justify;\">IL PROGRAMMA &#8211; Il programma\u00a0 prevede gli interventi di: Monica Sansoni, Garante dell&#8217;Infanzia e dell&#8217;Adolescenza della Regione Lazio; Cristina Costarelli, Presidente dell&#8217;Associazione Nazionale Presidi &#8211; Lazio; \u00a0Susanna Bianchini, Responsabile del Servizio Psicologico del Consultorio Diocesano &#8220;Crescere Insieme\u201d &#8211; Direttore della scuola di Specializzazione in Psicoterapia Transazionale di Latina, &#8211; Docente nel Laboratorio di Promozione della Salute in Et\u00e0 Evolutiva presso l&#8217;Universit\u00e0 Pontificia Salesiana di Roma; Lina Maietta, Responsabile UOS Sostegno alla Genitorialit\u00e0 e Percorso Giovani; \u00a0Carla Cerroni, Project Manager del progetto \u201cFar \u201d del Comune di Latina;\u00a0 Lisa Perillo, Presidente dell\u2019Associazione \u201cIo sono Enea\u201d, Sonia Nasso, Referente per Latina dell\u2019Associazione Nazionale Assipromos; Michela Verga, Presidente del Comitato Provinciale di Latina per l\u2019Unicef.<\/p>\n<p style=\"text-align: justify;\">A livello istituzionale, interverranno gli Assessori alle Politiche Giovanili di Latina Andrea Chiarato, e al Welfare di Latina Michele Nasso e Cisterna Stefania Krilic, la nostra portavoce nazionale Senatrice Alessandra Maiorino e il nostro portavoce regionale Adriano Zuccal\u00e0.<\/p>\n<p style=\"text-align: justify;\">&#8220;Invitiamo tutte le istituzioni, le scuole, le famiglie, le associazioni e gli esperti a partecipare, per fare fronte comune e costruire un futuro migliore per i nostri giovani&#8221;, dicono gli organizzatori.<\/p>\n<p style=\"text-align: justify;\">\n<p>&nbsp;<\/p>\n","protected":false},"excerpt":{"rendered":"<p>LATINA &#8211; Chiarire quali impegni possano essere assunti a livello locale, regionale e nazionale per garantire azioni concrete a supporto del benessere dei giovani e delle loro famiglie attraverso la creazione di una rete di supporto integrata. E&#8217; l&#8217;obiettivo del convegno \u201cIl Tempo dell&#8217;Ascolto \u2013 Confronto sul Disagio Giovanile\u201d, che si terr\u00e0 il 9 dicembre [&hellip;]<\/p>\n","protected":false},"author":62,"featured_media":365677,"comment_status":"open","ping_status":"open","sticky":false,"template":"","format":"standard","meta":{"footnotes":""},"categories":[16,734],"tags":[],"class_list":["post-365675","post","type-post","status-publish","format-standard","has-post-thumbnail","hentry","category-appuntamenti","category-evidenza"],"_links":{"self":[{"href":"https:\/\/www.radioluna.it\/news\/wp-json\/wp\/v2\/posts\/365675","targetHints":{"allow":["GET"]}}],"collection":[{"href":"https:\/\/www.radioluna.it\/news\/wp-json\/wp\/v2\/posts"}],"about":[{"href":"https:\/\/www.radioluna.it\/news\/wp-json\/wp\/v2\/types\/post"}],"author":[{"embeddable":true,"href":"https:\/\/www.radioluna.it\/news\/wp-json\/wp\/v2\/users\/62"}],"replies":[{"embeddable":true,"href":"https:\/\/www.radioluna.it\/news\/wp-json\/wp\/v2\/comments?post=365675"}],"version-history":[{"count":1,"href":"https:\/\/www.radioluna.it\/news\/wp-json\/wp\/v2\/posts\/365675\/revisions"}],"predecessor-version":[{"id":365678,"href":"https:\/\/www.radioluna.it\/news\/wp-json\/wp\/v2\/posts\/365675\/revisions\/365678"}],"wp:featuredmedia":[{"embeddable":true,"href":"https:\/\/www.radioluna.it\/news\/wp-json\/wp\/v2\/media\/365677"}],"wp:attachment":[{"href":"https:\/\/www.radioluna.it\/news\/wp-json\/wp\/v2\/media?parent=365675"}],"wp:term":[{"taxonomy":"category","embeddable":true,"href":"https:\/\/www.radioluna.it\/news\/wp-json\/wp\/v2\/categories?post=365675"},{"taxonomy":"post_tag","embeddable":true,"href":"https:\/\/www.radioluna.it\/news\/wp-json\/wp\/v2\/tags?post=365675"}],"curies":[{"name":"wp","href":"https:\/\/api.w.org\/{rel}","templated":true}]}}