{"id":365925,"date":"2024-12-12T08:10:12","date_gmt":"2024-12-12T07:10:12","guid":{"rendered":"https:\/\/www.radioluna.it\/news\/?p=365925"},"modified":"2024-12-16T09:10:19","modified_gmt":"2024-12-16T08:10:19","slug":"la-pm-dellantimafia-luigia-spinelli-nominata-procuratrice-aggiunta-a-latina","status":"publish","type":"post","link":"https:\/\/www.radioluna.it\/news\/2024\/12\/la-pm-dellantimafia-luigia-spinelli-nominata-procuratrice-aggiunta-a-latina\/","title":{"rendered":"La pm dell&#8217;Antimafia Luigia Spinelli nominata Procuratrice Aggiunta a Latina"},"content":{"rendered":"<div id=\"fb-root\"><\/div>\n<p style=\"text-align: justify;\"><strong>LATINA &#8211;<\/strong> Torna a Latina con il ruolo di Procuratore Aggiunto la PM Luigia Spinelli, gi\u00e0 Sostituta proprio in via Ezio, andata poi alla Commissione parlamentare d\u2019inchiesta sul ciclo dei rifiuti quindi assegnata alla Direzione distrettuale Antimafia di Roma dove ha coordinato praticamente tutte le inchieste sulla criminalit\u00e0 organizzata locale a Latina.<\/p>\n<p style=\"text-align: justify;\">La sua nomina \u00e8 arrivata da parte del plenum del Consiglio Superiore della magistratura all\u2019unanimit\u00e0.<\/p>\n<p style=\"text-align: justify;\">Impegnata proprio in questi giorni a Latina nelle fasi finali del processo Reset contro il can Travali, nella sua requisitoria che \u00e8 durata quasi sei ore ha descritto un sistema di condizionamento mafioso di una parte della citt\u00e0 ad opera degli imputati, raccontando uno spaccato della societ\u00e0 latinense.<\/p>\n<p style=\"text-align: justify;\">Di recente le \u00e8 stata assegnata la scorta per minacce ricevute.<\/p>\n<p>&#8220;Esprimo le pi\u00f9 sentite congratulazioni a Luigia Spinelli per la nomina a Procuratore Aggiunto presso il tribunale di Latina. Questo importante ritorno, votato all\u2019unanimit\u00e0 dal plenum del Consiglio Superiore della Magistratura, rappresenta un valore aggiunto per Latina, che riabbraccia una professionista di straordinaria competenza, gi\u00e0 protagonista di importanti inchieste come pubblico ministero a Latina. La sua approfondita conoscenza del territorio, i risultati raggiunti nel suo precedente incarico e il suo impegno costante sono garanzie di seriet\u00e0 e dedizione al servizio della giustizia. A nome dei cittadini che rappresento, auguro alla dottoressa Spinelli buon lavoro, sicura che il suo contributo sar\u00e0 determinante nell&#8217;affrontare le sfide future della Procura, garantendo ai cittadini una giustizia tempestiva e vicina alle loro esigenze&#8221;, dichiara in una nota la sindaca di Latina Matilde Celentano.<\/p>\n<div style=\"text-align: justify;\">&#8220;Desidero esprimere le mie pi\u00f9 vive congratulazioni alla dottoressa Luigia Spinelli per la sua nomina a Procuratore Aggiunto presso il Tribunale di Latina. Si tratta di un ritorno importante per la nostra citt\u00e0, che riaccoglie una figura di altissima competenza e professionalit\u00e0, gi\u00e0 protagonista di rilevanti inchieste durante i suoi anni come pubblico ministero a Latina. La sua profonda conoscenza del territorio e la sua dedizione al lavoro rappresentano una garanzia di impegno e seriet\u00e0 al servizio della giustizia. Sono certo che il suo contributo sar\u00e0 fondamentale per affrontare con determinazione le sfide che attendono la Procura e per garantire ai cittadini una giustizia efficace e vicina al territorio. Auguro alla dottoressa Spinelli buon lavoro in questo prestigioso incarico, certo che il suo operato possa continuare a lasciare un segno positivo per Latina e i suoi cittadini&#8221;, dichiara in una nota il Senatore Nicola Calandrini, presidente della Federazione di FdI provincia di Latina.<\/div>\n","protected":false},"excerpt":{"rendered":"<p>LATINA &#8211; Torna a Latina con il ruolo di Procuratore Aggiunto la PM Luigia Spinelli, gi\u00e0 Sostituta proprio in via Ezio, andata poi alla Commissione parlamentare d\u2019inchiesta sul ciclo dei rifiuti quindi assegnata alla Direzione distrettuale Antimafia di Roma dove ha coordinato praticamente tutte le inchieste sulla criminalit\u00e0 organizzata locale a Latina. La sua nomina [&hellip;]<\/p>\n","protected":false},"author":62,"featured_media":158679,"comment_status":"open","ping_status":"open","sticky":false,"template":"","format":"standard","meta":{"footnotes":""},"categories":[7],"tags":[],"class_list":["post-365925","post","type-post","status-publish","format-standard","has-post-thumbnail","hentry","category-cronaca"],"_links":{"self":[{"href":"https:\/\/www.radioluna.it\/news\/wp-json\/wp\/v2\/posts\/365925","targetHints":{"allow":["GET"]}}],"collection":[{"href":"https:\/\/www.radioluna.it\/news\/wp-json\/wp\/v2\/posts"}],"about":[{"href":"https:\/\/www.radioluna.it\/news\/wp-json\/wp\/v2\/types\/post"}],"author":[{"embeddable":true,"href":"https:\/\/www.radioluna.it\/news\/wp-json\/wp\/v2\/users\/62"}],"replies":[{"embeddable":true,"href":"https:\/\/www.radioluna.it\/news\/wp-json\/wp\/v2\/comments?post=365925"}],"version-history":[{"count":3,"href":"https:\/\/www.radioluna.it\/news\/wp-json\/wp\/v2\/posts\/365925\/revisions"}],"predecessor-version":[{"id":365956,"href":"https:\/\/www.radioluna.it\/news\/wp-json\/wp\/v2\/posts\/365925\/revisions\/365956"}],"wp:featuredmedia":[{"embeddable":true,"href":"https:\/\/www.radioluna.it\/news\/wp-json\/wp\/v2\/media\/158679"}],"wp:attachment":[{"href":"https:\/\/www.radioluna.it\/news\/wp-json\/wp\/v2\/media?parent=365925"}],"wp:term":[{"taxonomy":"category","embeddable":true,"href":"https:\/\/www.radioluna.it\/news\/wp-json\/wp\/v2\/categories?post=365925"},{"taxonomy":"post_tag","embeddable":true,"href":"https:\/\/www.radioluna.it\/news\/wp-json\/wp\/v2\/tags?post=365925"}],"curies":[{"name":"wp","href":"https:\/\/api.w.org\/{rel}","templated":true}]}}