{"id":366084,"date":"2024-12-16T09:40:22","date_gmt":"2024-12-16T08:40:22","guid":{"rendered":"https:\/\/www.radioluna.it\/news\/?p=366084"},"modified":"2024-12-16T09:40:22","modified_gmt":"2024-12-16T08:40:22","slug":"dalla-palude-allatomo-la-casa-dellarchitettura-presenta-il-libro-di-luca-santangelo","status":"publish","type":"post","link":"https:\/\/www.radioluna.it\/news\/2024\/12\/dalla-palude-allatomo-la-casa-dellarchitettura-presenta-il-libro-di-luca-santangelo\/","title":{"rendered":"&#8220;Dalla palude all\u2019atomo&#8221;, la Casa dell&#8217;Architettura presenta il libro di Luca Santangelo"},"content":{"rendered":"<div id=\"fb-root\"><\/div>\n<p style=\"text-align: justify;\"><img loading=\"lazy\" decoding=\"async\" class=\"wp-image-366085 alignleft\" src=\"https:\/\/www.radioluna.it\/news\/wp-content\/uploads\/2024\/12\/Locandina-1812-dalla-palude-allatomo.jpg\" alt=\"\" width=\"519\" height=\"734\" srcset=\"https:\/\/www.radioluna.it\/news\/wp-content\/uploads\/2024\/12\/Locandina-1812-dalla-palude-allatomo.jpg 842w, https:\/\/www.radioluna.it\/news\/wp-content\/uploads\/2024\/12\/Locandina-1812-dalla-palude-allatomo-768x1086.jpg 768w\" sizes=\"auto, (max-width: 519px) 100vw, 519px\" \/><strong>LATINA<\/strong> &#8211; Mercoled\u00ec 18 dicembre alle ore 18:00 verr\u00e0 presentato presso il MUG Museo Gianni di Latina il libro &#8220;Dalla palude all\u2019atomo \u2013 il mito moderno dell\u2019Agro pontino tra narrazioni postcoloniali e uso politico nell\u2019Italia repubblicana&#8221; di Luca Santangelo edito da Casa dell&#8217;Architettura edizioni.<\/p>\n<p style=\"text-align: justify;\">Negli ultimi trent\u2019anni &#8211; si legge in una nota della Casa dell&#8217;Architettura &#8211;\u00a0 temi riguardanti memoria, uso della storia ed eredit\u00e0 del fascismo nell\u2019Italia contemporanea sono perennemente al centro del dibattito politico contemporaneo. A differenza per\u00f2 di altri argomenti, come ad esempio il colonialismo italiano o la questione del confine orientale nel corso della Seconda Guerra Mondiale, attorno ai quali si anima un acceso dibattito conflittuale nell\u2019opinione pubblica, gli elementi narrativi delle bonifiche fasciste dell\u2019Agro Pontino sono condivisi e utilizzati come base del discorso per la propaganda, il consolidamento elettorale da tutti gli schieramenti politici. Il rapporto contraddittorio e controverso che la citt\u00e0 di Latina vive con il passato fascista di Littoria \u00e8 incentrato sulla mitologia fondativa della citt\u00e0, il cui momento culmine \u00e8 rappresentato dal 18 dicembre, festa in cui si celebra l\u2019inaugurazione della citt\u00e0 da parte di Mussolini come \u201ccompimento\u201d delle operazioni di bonifica integrale. A differenza di quanto \u00e8 noto nel dibattito pubblico, la festa, il luogo e l\u2019intera ritualit\u00e0 non \u00e8 direttamente legato al periodo fascista, ma frutto dell\u2019uso politico della storia nell\u2019Italia repubblicana: infatti, dal 1951 al 1953, la Democrazia Cristiana al governo della citt\u00e0 costruir\u00e0 la macchina mitologica che ancora oggi condiziona la memoria pubblica della citt\u00e0. Partendo da un\u2019analisi delle fasi di costruzione della macchina, dal 1944 fino al 1963, il libro affronta il problema del perch\u00e9 e in quale contesto nasce la macchina mitologica e perch\u00e9 oggi continua a trovarsi all\u2019origine dei discorsi e delle iniziative politiche, locali e nazionali, sulla citt\u00e0 di Latina e l\u2019Agro Pontino. Il mito delle bonifiche fasciste nell\u2019Agro Pontino non \u00e8 solo utilizzato come espediente di auto-narrazione di un territorio e di uso della storia per la conquista del consenso elettorale, ma anche un peculiare elemento con cui leggere l\u2019uso politico del mito nell\u2019Italia contemporanea.<\/p>\n<p style=\"text-align: justify;\">&#8220;Questo secondo libro della collana di studi urbani rappresenta un nuovo contributo per arricchire di sguardi e prospettive multidisciplinari lo studio dello spazio urbano e la comprensione della citt\u00e0\u00a0&#8211; affermano dalla Casa dell&#8217;Architettura &#8211;\u00a0Mentre ancora \u00e8 forte nell&#8217;opinione pubblica la visione di una immaginaria Littoria felix, da riproporre ancora oggi, ricostruire le ragioni storiche e i processi politici che hanno determinato tale visione diventa un operazione essenziale per comprendere la citt\u00e0 di Latina e il suo rapporto contradditorio con il fascismo, soprattutto a seguito dell\u2019interesse locale e nazionale per il centenario della citt\u00e0 nel 2032.\u201d<\/p>\n<p style=\"text-align: justify;\">Il 18 dicembre, insieme all\u2019autore, interverranno\u00a0Anna Maria Tomassini\u00a0e\u00a0Agostino Attanasio. Introduce\u00a0Pietro Cefaly.<br \/>\nIl libro \u00e8 disponibile dal 5 Dicembre in libreria, nei principali store online e nel\u00a0bookshop della Casa dell&#8217;Architettura.&#8221;<\/p>\n","protected":false},"excerpt":{"rendered":"<p>LATINA &#8211; Mercoled\u00ec 18 dicembre alle ore 18:00 verr\u00e0 presentato presso il MUG Museo Gianni di Latina il libro &#8220;Dalla palude all\u2019atomo \u2013 il mito moderno dell\u2019Agro pontino tra narrazioni postcoloniali e uso politico nell\u2019Italia repubblicana&#8221; di Luca Santangelo edito da Casa dell&#8217;Architettura edizioni. Negli ultimi trent\u2019anni &#8211; si legge in una nota della Casa [&hellip;]<\/p>\n","protected":false},"author":60,"featured_media":366085,"comment_status":"open","ping_status":"open","sticky":false,"template":"","format":"standard","meta":{"footnotes":""},"categories":[2424],"tags":[],"class_list":["post-366084","post","type-post","status-publish","format-standard","has-post-thumbnail","hentry","category-i-nostri-libri"],"_links":{"self":[{"href":"https:\/\/www.radioluna.it\/news\/wp-json\/wp\/v2\/posts\/366084","targetHints":{"allow":["GET"]}}],"collection":[{"href":"https:\/\/www.radioluna.it\/news\/wp-json\/wp\/v2\/posts"}],"about":[{"href":"https:\/\/www.radioluna.it\/news\/wp-json\/wp\/v2\/types\/post"}],"author":[{"embeddable":true,"href":"https:\/\/www.radioluna.it\/news\/wp-json\/wp\/v2\/users\/60"}],"replies":[{"embeddable":true,"href":"https:\/\/www.radioluna.it\/news\/wp-json\/wp\/v2\/comments?post=366084"}],"version-history":[{"count":1,"href":"https:\/\/www.radioluna.it\/news\/wp-json\/wp\/v2\/posts\/366084\/revisions"}],"predecessor-version":[{"id":366087,"href":"https:\/\/www.radioluna.it\/news\/wp-json\/wp\/v2\/posts\/366084\/revisions\/366087"}],"wp:featuredmedia":[{"embeddable":true,"href":"https:\/\/www.radioluna.it\/news\/wp-json\/wp\/v2\/media\/366085"}],"wp:attachment":[{"href":"https:\/\/www.radioluna.it\/news\/wp-json\/wp\/v2\/media?parent=366084"}],"wp:term":[{"taxonomy":"category","embeddable":true,"href":"https:\/\/www.radioluna.it\/news\/wp-json\/wp\/v2\/categories?post=366084"},{"taxonomy":"post_tag","embeddable":true,"href":"https:\/\/www.radioluna.it\/news\/wp-json\/wp\/v2\/tags?post=366084"}],"curies":[{"name":"wp","href":"https:\/\/api.w.org\/{rel}","templated":true}]}}