{"id":366170,"date":"2024-12-17T06:53:17","date_gmt":"2024-12-17T05:53:17","guid":{"rendered":"https:\/\/www.radioluna.it\/news\/?p=366170"},"modified":"2024-12-17T17:18:31","modified_gmt":"2024-12-17T16:18:31","slug":"esplosione-ad-aprilia-le-vittime-sono-nonna-e-nipotina-di-12-anni-le-ipotesi","status":"publish","type":"post","link":"https:\/\/www.radioluna.it\/news\/2024\/12\/esplosione-ad-aprilia-le-vittime-sono-nonna-e-nipotina-di-12-anni-le-ipotesi\/","title":{"rendered":"Esplosione ad Aprilia, sale a tre il numero delle vittime: morte nonna, nipotina di 12 anni e un&#8217;inquilina. Le ipotesi"},"content":{"rendered":"<div id=\"fb-root\"><\/div>\n<div style=\"width: 740px;\" class=\"wp-video\"><video class=\"wp-video-shortcode\" id=\"video-366170-1\" width=\"740\" height=\"419\" preload=\"metadata\" controls=\"controls\"><source type=\"video\/mp4\" src=\"https:\/\/www.radioluna.it\/news\/wp-content\/uploads\/2024\/12\/WhatsApp-Video-2024-12-16-at-20.42.15.mp4?_=1\" \/><a href=\"https:\/\/www.radioluna.it\/news\/wp-content\/uploads\/2024\/12\/WhatsApp-Video-2024-12-16-at-20.42.15.mp4\">https:\/\/www.radioluna.it\/news\/wp-content\/uploads\/2024\/12\/WhatsApp-Video-2024-12-16-at-20.42.15.mp4<\/a><\/video><\/div>\n<p style=\"text-align: justify;\"><strong>APRILIA &#8211;<\/strong> Sale a tre il bilancio dei morti nell&#8217;esplosione di una villetta <strong>in Via Apollo ad Aprilia in zona Genio Civile<\/strong> avvenuta nel pomeriggio di luned\u00ec alle 17,30. Nei primi momenti dell&#8217;intervento, i vigili del fuoco hanno trovato subito senza vita una donna e una minorenne. Poi, il team Usar (Urban Search And Rescue) ha estratto vivo un uomo, quindi ha continuato a scavare sotto le macerie al civico 29 trovando infine,\u00a0 a notte inoltrata, anche il corpo senza vita della quarta persona che mancava all&#8217;appello, un&#8217;inquilina della casa: la sua auto ieri era parcheggiata in strada e si sospettava che fosse presente al momento della deflagrazione. Le operazioni dei vigili del fuoco del Comando di Latina e del distaccamento di Aprilia si sono concluse all&#8217;alba.<\/p>\n<p style=\"text-align: justify;\">Le vittime accertate salgono dunque a tre: sono di <strong>Laura Di Petrillo, 73 anni, la nipote Carlotta, e un&#8217;inquilina, Ornella Clementini di 62 anni<\/strong>. <strong>Ferito gravemente<\/strong> il nonno e marito di Laura di Petrillo, <strong>Giovanni Raffa, 79 anni,<\/strong> ex consigliere comunale di Aprilia che \u00e8 stato portato in ospedale in codice rosso. L&#8217;ipotesi pi\u00f9 accreditata \u00e8 che a provocare lo scoppio sia stata una fuga di gas dell\u2019impianto di riscaldamento alimentato da un bombolone a Gpl che non \u00e8 esploso.<\/p>\n<p style=\"text-align: justify;\">Sotto shock i genitori della bambina che era stata affidata ai nonni per fare i compiti mentre loro erano al lavoro.<\/p>\n<p style=\"text-align: justify;\">I carabinieri che indagano stanno svolgendo accertamenti sull\u2019impianto di riscaldamento\u00a0 alimentato da una bombola di Gpl presente in giardino\u00a0 ed \u00e8 in programma anche un sopralluogo da parte dei tecnici dei vigili del fuoco alla ricerca di tracce utili alla ricostruzione dei fatti. Intanto un familiare dei Raffa ha dichiarato di aver visto i due coniugi poche ore prima della tragedia e di aver saputo in quell&#8217;occasione che avevano un appuntamento nel pomeriggio proprio per l&#8217;impianto a gas.<\/p>\n<p>Anche la vicina di casa intervistata da La Presse ha confermato che si era vista un&#8217;azienda forse per ricaricare il bombolone. Su questi passaggi si concentrano le indagini dei carabinieri.<\/p>\n<div class=\"radio-posizionamento-telefono-in-articoli-dopo-il-contenuto-articolo radio-entity-placement\" id=\"radio-2762214860\"><div id=\"radio-3937126446\"><a href=\"https:\/\/grupporedi.it\/\" aria-label=\"Redi-Qr\"><img loading=\"lazy\" decoding=\"async\" src=\"https:\/\/www.radioluna.it\/news\/wp-content\/uploads\/2026\/03\/Redi-Qr.jpg\" alt=\"\"  srcset=\"https:\/\/www.radioluna.it\/news\/wp-content\/uploads\/2026\/03\/Redi-Qr.jpg 800w, https:\/\/www.radioluna.it\/news\/wp-content\/uploads\/2026\/03\/Redi-Qr-768x639.jpg 768w\" sizes=\"(max-width: 800px) 100vw, 800px\" width=\"300\" height=\"250\"   \/><\/a><\/div><\/div>","protected":false},"excerpt":{"rendered":"<p>APRILIA &#8211; Sale a tre il bilancio dei morti nell&#8217;esplosione di una villetta in Via Apollo ad Aprilia in zona Genio Civile avvenuta nel pomeriggio di luned\u00ec alle 17,30. Nei primi momenti dell&#8217;intervento, i vigili del fuoco hanno trovato subito senza vita una donna e una minorenne. Poi, il team Usar (Urban Search And Rescue) [&hellip;]<\/p>\n","protected":false},"author":62,"featured_media":366172,"comment_status":"open","ping_status":"open","sticky":false,"template":"","format":"video","meta":{"footnotes":""},"categories":[7,2428],"tags":[],"class_list":["post-366170","post","type-post","status-publish","format-video","has-post-thumbnail","hentry","category-cronaca","category-primo-piano","post_format-post-format-video"],"_links":{"self":[{"href":"https:\/\/www.radioluna.it\/news\/wp-json\/wp\/v2\/posts\/366170","targetHints":{"allow":["GET"]}}],"collection":[{"href":"https:\/\/www.radioluna.it\/news\/wp-json\/wp\/v2\/posts"}],"about":[{"href":"https:\/\/www.radioluna.it\/news\/wp-json\/wp\/v2\/types\/post"}],"author":[{"embeddable":true,"href":"https:\/\/www.radioluna.it\/news\/wp-json\/wp\/v2\/users\/62"}],"replies":[{"embeddable":true,"href":"https:\/\/www.radioluna.it\/news\/wp-json\/wp\/v2\/comments?post=366170"}],"version-history":[{"count":14,"href":"https:\/\/www.radioluna.it\/news\/wp-json\/wp\/v2\/posts\/366170\/revisions"}],"predecessor-version":[{"id":366236,"href":"https:\/\/www.radioluna.it\/news\/wp-json\/wp\/v2\/posts\/366170\/revisions\/366236"}],"wp:featuredmedia":[{"embeddable":true,"href":"https:\/\/www.radioluna.it\/news\/wp-json\/wp\/v2\/media\/366172"}],"wp:attachment":[{"href":"https:\/\/www.radioluna.it\/news\/wp-json\/wp\/v2\/media?parent=366170"}],"wp:term":[{"taxonomy":"category","embeddable":true,"href":"https:\/\/www.radioluna.it\/news\/wp-json\/wp\/v2\/categories?post=366170"},{"taxonomy":"post_tag","embeddable":true,"href":"https:\/\/www.radioluna.it\/news\/wp-json\/wp\/v2\/tags?post=366170"}],"curies":[{"name":"wp","href":"https:\/\/api.w.org\/{rel}","templated":true}]}}