{"id":366246,"date":"2024-12-18T11:08:54","date_gmt":"2024-12-18T10:08:54","guid":{"rendered":"https:\/\/www.radioluna.it\/news\/?p=366246"},"modified":"2024-12-18T18:56:22","modified_gmt":"2024-12-18T17:56:22","slug":"anniversario-di-latina-della-provincia-e-della-guardia-di-finanza-celebrazioni-in-corso","status":"publish","type":"post","link":"https:\/\/www.radioluna.it\/news\/2024\/12\/anniversario-di-latina-della-provincia-e-della-guardia-di-finanza-celebrazioni-in-corso\/","title":{"rendered":"Anniversario di Latina, della Provincia e della Guardia di Finanza: celebrazioni in corso"},"content":{"rendered":"<div id=\"fb-root\"><\/div>\n<p><strong>LATINA<\/strong> &#8211; A Latina intenso programma di festeggiamenti per il 92esimo anniversario dell\u2019inaugurazione della citt\u00e0, per il 90esimo dell\u2019istituzione della Provincia e il 90esimo anniversario dell\u2019insediamento della Guardia di Finanza. Il primo appuntamento in piazza del Quadrato, durante il quale la sindaca Matilde Celentano ha annunciato il conferimento della cittadinanza onoraria al Corpo della Guardia di Finanza.<\/p>\n<p>Nel suo discorso lungo e articolato, la prima cittadina di Latina ha toccato vari punti, e ha voluto soprattutto sottolineare l&#8217;importanza della collaborazione interistituzionale: &#8220;Lavoriamo tutti per il bene della comunit\u00e0, senza divisioni e senza steccati ideologici&#8221;.<\/p>\n<audio class=\"wp-audio-shortcode\" id=\"audio-366246-1\" preload=\"none\" style=\"width: 100%;\" controls=\"controls\"><source type=\"audio\/mpeg\" src=\"https:\/\/www.radioluna.it\/news\/wp-content\/uploads\/2024\/12\/92esimo-estratto-intervento-celentano.mp3?_=1\" \/><a href=\"https:\/\/www.radioluna.it\/news\/wp-content\/uploads\/2024\/12\/92esimo-estratto-intervento-celentano.mp3\">https:\/\/www.radioluna.it\/news\/wp-content\/uploads\/2024\/12\/92esimo-estratto-intervento-celentano.mp3<\/a><\/audio>\n<p style=\"text-align: justify;\">&#8220;Condividere non vuol dire semplicemente festeggiare insieme; condividere vuol dire fare ciascuno la propria parte per raggiungere obiettivi comuni irrinunciabili, che vanno dalla cura della comunit\u00e0 attraverso l\u2019erogazione dei servizi, al mantenimento della sicurezza e della legalit\u00e0, all\u2019attenzione verso i pi\u00f9 deboli e i pi\u00f9 esposti tra i componenti della societ\u00e0 civile di cui siamo tutti parte, alla individuazione, alla valorizzazione e alla tutela delle eccellenze, soprattutto umane, che insieme alle nuove generazioni costituiscono la migliore prospettiva per il nostro futuro.<\/p>\n<p style=\"text-align: justify;\">Condividere vuol dire aver raggiunto quel livello di maturit\u00e0 che ci permette di allineare sullo stesso piano i nostri sforzi e quelli degli altri, che ci impone il rispetto del lavoro altrui insieme alla consapevolezza di essere ciascuno un ingranaggio del sistema che pu\u00f2 funzionare soltanto con il concorso corale dell\u2019intera compagine sociale, cio\u00e8 tutti.<\/p>\n<p style=\"text-align: justify;\">E\u2019 per questa ragione che avverto prepotente l\u2019esigenza di ringraziare il presidente Gerardo Stefanelli e il comandante Giovanni Marchetti per avere raccolto senza esitare l\u2019invito ad essere qui, a testimoniare, insieme a tutti i presenti, che ci siamo, che siamo culturalmente pronti ad intraprendere insieme e non pi\u00f9 ciascuno per proprio conto, la sfida quotidiana verso un domani migliore&#8221;, ha sottolineato Celentano.<br \/>\nViva la Guardia di Finanza<\/p>\n<audio class=\"wp-audio-shortcode\" id=\"audio-366246-2\" preload=\"none\" style=\"width: 100%;\" controls=\"controls\"><source type=\"audio\/mpeg\" src=\"https:\/\/www.radioluna.it\/news\/wp-content\/uploads\/2024\/12\/92esimo-estratto-intervento-celentano.mp3?_=2\" \/><a href=\"https:\/\/www.radioluna.it\/news\/wp-content\/uploads\/2024\/12\/92esimo-estratto-intervento-celentano.mp3\">https:\/\/www.radioluna.it\/news\/wp-content\/uploads\/2024\/12\/92esimo-estratto-intervento-celentano.mp3<\/a><\/audio>\n<p>Sono seguiti i discorsi del presidente della Provincia, Gerardo Stefanelli e del colonnello Giovanni Marchetti, comandante provinciale della Guardia di Finanza.<\/p>\n<p>Stefanelli ha sottolineato come la provincia sia nata da &#8220;territori diversi, dialetti diversi e abitudini altrettanto diverse che hanno dimostrato di saper essere attori di uno sviluppo economico sociale di cui noi oggi siamo eredi. Portiamo anche la responsabilit\u00e0 di trasmettere tutto questo alle future generazioni&#8221;.<\/p>\n<audio class=\"wp-audio-shortcode\" id=\"audio-366246-3\" preload=\"none\" style=\"width: 100%;\" controls=\"controls\"><source type=\"audio\/mpeg\" src=\"https:\/\/www.radioluna.it\/news\/wp-content\/uploads\/2024\/12\/stefanelli-90-provincia.mp3?_=3\" \/><a href=\"https:\/\/www.radioluna.it\/news\/wp-content\/uploads\/2024\/12\/stefanelli-90-provincia.mp3\">https:\/\/www.radioluna.it\/news\/wp-content\/uploads\/2024\/12\/stefanelli-90-provincia.mp3<\/a><\/audio>\n<p>Il colonnello Marchetti ringraziando per l&#8217;onorificenza che il Comune ha voluto riconoscere alla Guardia di Finanza, ha ripercorso la nascita della prima tenenza e le varie sedi che si sono succedute nel tempo fino a quella di Palazzo M in cui ha sede oggi, ricordando poi che ai compiti istituzionali\u00a0 di polizia economico finanziaria, la Guardia di Finanza affianca l&#8217;impegno sociale sul territorio. Poi il comandante provinciale si \u00e8 rivolto direttamente ai giovani presenti: &#8220;Dobbiamo fare come hanno fatto i vostri nonni e bisnonni. Gente che ha sofferto e lottato per cambiare la storia&#8221;.<\/p>\n<audio class=\"wp-audio-shortcode\" id=\"audio-366246-4\" preload=\"none\" style=\"width: 100%;\" controls=\"controls\"><source type=\"audio\/mpeg\" src=\"https:\/\/www.radioluna.it\/news\/wp-content\/uploads\/2024\/12\/marchetti-discorso-90\u00b0.mp3?_=4\" \/><a href=\"https:\/\/www.radioluna.it\/news\/wp-content\/uploads\/2024\/12\/marchetti-discorso-90\u00b0.mp3\">https:\/\/www.radioluna.it\/news\/wp-content\/uploads\/2024\/12\/marchetti-discorso-90\u00b0.mp3<\/a><\/audio>\n<p>In chiusura della cerimonia al Bonificatore, il saluto del Prefetto, Vittoria Ciaramella. Ascoltiamo un estratto del suo intervento.<\/p>\n<audio class=\"wp-audio-shortcode\" id=\"audio-366246-5\" preload=\"none\" style=\"width: 100%;\" controls=\"controls\"><source type=\"audio\/mpeg\" src=\"https:\/\/www.radioluna.it\/news\/wp-content\/uploads\/2024\/12\/ciaramella-celebrazioni.mp3?_=5\" \/><a href=\"https:\/\/www.radioluna.it\/news\/wp-content\/uploads\/2024\/12\/ciaramella-celebrazioni.mp3\">https:\/\/www.radioluna.it\/news\/wp-content\/uploads\/2024\/12\/ciaramella-celebrazioni.mp3<\/a><\/audio>\n<p>Si riprender\u00e0 nel pomeriggio con un videomapping sulla facciata dell\u2019ex Banca d\u2019Italia e alle 19,30 al D\u2019Annunzio ci sar\u00e0 un concerto della Banda della Guardia di Finanza. Il vescovo Mariano Crociata, inoltre, officer\u00e0 la Santa Messa alle 18 presso la Cattedrale. Alle 21, infine, l\u2019orchestra Mauro Zazzarini Big Band si esibir\u00e0 in Piazza del Popolo.<\/p>\n<div class=\"radio-posizionamento-telefono-in-articoli-dopo-il-contenuto-articolo radio-entity-placement\" id=\"radio-189722799\"><div id=\"radio-2616859169\"><a href=\"https:\/\/www.simeoneceramiche.com\/\" aria-label=\"SIMEONE CERAMICHE GIF animata per radioluna_Tavola disegno 1 copia 2 (online-video-cutter.com)\"><img loading=\"lazy\" decoding=\"async\" src=\"https:\/\/www.radioluna.it\/news\/wp-content\/uploads\/2025\/05\/SIMEONE-CERAMICHE-GIF-animata-per-radioluna_Tavola-disegno-1-copia-2-online-video-cutter.com_.gif\" alt=\"\"  width=\"300\" height=\"250\"   \/><\/a><\/div><\/div>","protected":false},"excerpt":{"rendered":"<p>LATINA &#8211; A Latina intenso programma di festeggiamenti per il 92esimo anniversario dell\u2019inaugurazione della citt\u00e0, per il 90esimo dell\u2019istituzione della Provincia e il 90esimo anniversario dell\u2019insediamento della Guardia di Finanza. Il primo appuntamento in piazza del Quadrato, durante il quale la sindaca Matilde Celentano ha annunciato il conferimento della cittadinanza onoraria al Corpo della Guardia [&hellip;]<\/p>\n","protected":false},"author":60,"featured_media":0,"comment_status":"open","ping_status":"open","sticky":false,"template":"","format":"gallery","meta":{"footnotes":""},"categories":[735,2310,7,2311],"tags":[],"class_list":["post-366246","post","type-post","status-publish","format-gallery","hentry","category-attualita","category-audio","category-cronaca","category-foto","post_format-post-format-gallery"],"_links":{"self":[{"href":"https:\/\/www.radioluna.it\/news\/wp-json\/wp\/v2\/posts\/366246","targetHints":{"allow":["GET"]}}],"collection":[{"href":"https:\/\/www.radioluna.it\/news\/wp-json\/wp\/v2\/posts"}],"about":[{"href":"https:\/\/www.radioluna.it\/news\/wp-json\/wp\/v2\/types\/post"}],"author":[{"embeddable":true,"href":"https:\/\/www.radioluna.it\/news\/wp-json\/wp\/v2\/users\/60"}],"replies":[{"embeddable":true,"href":"https:\/\/www.radioluna.it\/news\/wp-json\/wp\/v2\/comments?post=366246"}],"version-history":[{"count":4,"href":"https:\/\/www.radioluna.it\/news\/wp-json\/wp\/v2\/posts\/366246\/revisions"}],"predecessor-version":[{"id":366269,"href":"https:\/\/www.radioluna.it\/news\/wp-json\/wp\/v2\/posts\/366246\/revisions\/366269"}],"wp:attachment":[{"href":"https:\/\/www.radioluna.it\/news\/wp-json\/wp\/v2\/media?parent=366246"}],"wp:term":[{"taxonomy":"category","embeddable":true,"href":"https:\/\/www.radioluna.it\/news\/wp-json\/wp\/v2\/categories?post=366246"},{"taxonomy":"post_tag","embeddable":true,"href":"https:\/\/www.radioluna.it\/news\/wp-json\/wp\/v2\/tags?post=366246"}],"curies":[{"name":"wp","href":"https:\/\/api.w.org\/{rel}","templated":true}]}}