{"id":366257,"date":"2024-12-18T14:26:23","date_gmt":"2024-12-18T13:26:23","guid":{"rendered":"https:\/\/www.radioluna.it\/news\/?p=366257"},"modified":"2024-12-18T14:57:03","modified_gmt":"2024-12-18T13:57:03","slug":"366257","status":"publish","type":"post","link":"https:\/\/www.radioluna.it\/news\/2024\/12\/366257\/","title":{"rendered":"Latina 92\u00b0, il discorso della sindaca Celentano al Bonificatore"},"content":{"rendered":"<div id=\"fb-root\"><\/div>\n<p><strong>LATINA<\/strong> &#8211; Nel 92\u00b0 anniversario dell&#8217;inaugurazione della citt\u00e0 di Latina, la sindaca Matilde Celentano ha reso omaggio al monumento al Bonificatore. Accompagnata dal prefetto di Latina Vittoria Ciaramella, dal Presidente della Provincia Gerardo Stefanelli, dal comandante provinciale della Guardia di Finanza col. Giovanni Marchetti, da tutte le altre autorit\u00e0 civili, militari e religiose, dalle scolaresche, Celentano ha tenuto il suo discorso. QUI IL TESTO INTEGRALE<\/p>\n<p>Discorso sindaco Celentano \u2013 18 Dicembre 2024<\/p>\n<p>Carissime concittadine, carissimi concittadini,<\/p>\n<p>nella solennit\u00e0 di questo appuntamento annuale che ci vede raccolti intorno al ricordo dell\u2019avvio della vita amministrativa e di governo della nostra citt\u00e0 che oggi compie 92 anni, mi rivolgo a voi e ai rappresentanti dello Stato e delle istituzioni, della chiesa, della scuola, della sanit\u00e0, del mondo dell\u2019associazionismo e del volontariato, della politica, delle forze dell\u2019ordine, e a quanti concorrono quotidianamente col proprio impegno civile al compito di sostenere il percorso di democrazia e di progresso che ci vede oggi nella posizione di seconda citt\u00e0 del Lazio dopo Roma.<\/p>\n<p>Mi rivolgo all\u2019intera comunit\u00e0 di questa citt\u00e0 e della provincia nel cui territorio siamo ospiti e all\u2019interno del quale Latina esprime il ruolo di capoluogo, per manifestare la mia personale emozione per essere oggi, 18 dicembre 2024, l\u2019ultimo in ordine di tempo degli eredi e dei custodi del patrimonio di civilt\u00e0 che la citt\u00e0 di Latina esprime fin dall\u2019atto della sua nascita.<\/p>\n<p>Qui, in questa piazza, al cospetto di questo monumento dedicato all\u2019opera e al sacrificio dei pionieri bonificatori che seppero avere ragione della stagnante presenza della palude e dare corso al cammino sempre in salita che ci ha portato fin qui, ad essere una citt\u00e0 contemporanea e con le carte in regola per affrontare le sfide che la modernit\u00e0 e l\u2019Europa impongono all\u2019intero Paese, in questa piazza, dicevo, con me, a celebrare e condividere questo momento, ci sono il presidente dell\u2019amministrazione provinciale Gerardo Stefanelli e il Comandante della Guardia di Finanza di Latina, il colonnello Giovanni Marchetti, che festeggiano entrambi i 90 anni della istituzione della provincia di Latina e dell\u2019insediamento del corpo della Guardia di Finanza nel nostro territorio.<br \/>\nIl 18 dicembre 1934, quando la citt\u00e0 di Latina aveva soltanto due anni di vita, nacquero la Provincia e la prima Tenenza della Guardia di Finanza a Latina, e la citt\u00e0 venne elevata al rango di capoluogo, tasselli fondamentali per il processo di crescita, di sviluppo, di democratizzazione e di fusione tra le diverse componenti socio culturali del nostro territorio.<\/p>\n<p>Il fatto di trovarci qui insieme a celebrare questa giornata, non \u00e8 soltanto un caso, un\u2019occasione o una questione di opportunit\u00e0: \u00e8 il segno forte, e lasciatemi dire, bello, di una ritrovata consapevolezza sul ruolo di ciascuno dei protagonisti della vita politica, istituzionale, sociale e culturale del territorio.<\/p>\n<p>La consapevolezza della necessit\u00e0 di pensare e di agire nel segno della condivisione degli scopi che sono alla base dell\u2019impegno di ognuno di noi, nessuno escluso. Scopi che si riassumono in meno di una manciata di parole: servizio, democrazia, civilt\u00e0, progresso.<\/p>\n<p>Condividere non vuol dire semplicemente festeggiare insieme; condividere vuol dire fare ciascuno la propria parte per raggiungere obiettivi comuni irrinunciabili, che vanno dalla cura della comunit\u00e0 attraverso l\u2019erogazione dei servizi, al mantenimento della sicurezza e della legalit\u00e0, all\u2019attenzione verso i pi\u00f9 deboli e i pi\u00f9 esposti tra i componenti della societ\u00e0 civile di cui siamo tutti parte, alla individuazione, alla valorizzazione e alla tutela delle eccellenze, soprattutto umane, che insieme alle nuove generazioni costituiscono la migliore prospettiva per il nostro futuro.<\/p>\n<p>Condividere vuol dire aver raggiunto quel livello di maturit\u00e0 che ci permette di allineare sullo stesso piano i nostri sforzi e quelli degli altri, che ci impone il rispetto del lavoro altrui insieme alla consapevolezza di essere ciascuno un ingranaggio del sistema che pu\u00f2 funzionare soltanto con il concorso corale dell\u2019intera compagine sociale, cio\u00e8 tutti.<\/p>\n<p>E\u2019 per questa ragione che avverto prepotente l\u2019esigenza di ringraziare il presidente Gerardo Stefanelli e il comandante Giovanni Marchetti per avere raccolto senza esitare l\u2019invito ad essere qui, a testimoniare, insieme a tutti i presenti, che ci siamo, che siamo culturalmente pronti ad intraprendere insieme e non pi\u00f9 ciascuno per proprio conto, la sfida quotidiana verso un domani migliore.<\/p>\n<p>E\u2019 in questo contesto di apertura, condivisione e partecipazione che l\u2019amministrazione comunale di Latina ha maturato nei mesi scorsi il proposito, condiviso da tutte le forze politiche presenti in Consiglio comunale, di concedere la cittadinanza onoraria al Corpo della Guardia di Finanza, un&#8217;istituzione preziosa per la nostra comunit\u00e0, una istituzione che lavora a testa bassa e lontana dai riflettori per garantire la legalit\u00e0 e la trasparenza nelle condotte di ciascuno di noi, per riaffermare il valore della sicurezza e per assicurare alla comunit\u00e0 intera quella equit\u00e0 di trattamento che \u00e8 alla base di ogni solida aggregazione umana, pietra angolare dei concetti di democrazia, di giustizia e di partecipazione alla causa comune dello sviluppo e del progresso, anche culturale, del Paese e dunque anche del nostro territorio.<\/p>\n<p>Sono orgogliosa del fatto che la citt\u00e0 di Latina abbia deciso di riconoscere e concedere la cittadinanza onoraria al corpo della Guardia di Finanza e aperto la strada maestra di un rinnovato rapporto di concreta sinergia e vicinanza con tutte le forze dell\u2019ordine, un rapporto che \u00e8 gi\u00e0 in essere ma che da questo momento in poi trover\u00e0 le giuste forme di riconoscimento ufficiale, nel rispetto del ruolo di ciascuna istituzione all\u2019interno del disegno generale che ci accomuna, che \u00e8 quello di garantire la giustizia sociale, la sicurezza e il benessere dell\u2019intera nostra comunit\u00e0.<\/p>\n<p>Devo ringraziare il colonnello Marchetti per aver aderito con entusiasmo alla proposta del Comune di Latina e con lui stiamo mettendo a punto gli ultimi dettagli del percorso che nelle prossime settimane ci porter\u00e0 in Consiglio comunale per conferire la definitiva ufficialit\u00e0 a questa importante e significativa iniziativa che ci proietta in un nuovo percorso verso un domani migliore.<\/p>\n<p>Un domani che troppo spesso vediamo sfuggirci di mano, e allungare la distanza tra quello che desideriamo e quello che invece tocchiamo con mano.<\/p>\n<p>Alcuni giorni fa ho partecipato all\u2019apertura del nuovo dormitorio invernale: ho provato soddisfazione nel vedere come l\u2019amministrazione comunale riesca a dare risposte alle urgenze che premono dalla base della comunit\u00e0, ma non ho potuto fare a meno di domandarmi perch\u00e9 ci siano tante persone costrette dalla povert\u00e0 e dalla solitudine a vivere ai margini della societ\u00e0.<\/p>\n<p>E gli spunti per imbattersi oggi in questo tipo di interrogativi sembrano essersi moltiplicati: aumenta il numero delle persone sole; le famiglie incontrano sempre maggiori difficolt\u00e0 a tenere presso di s\u00e9 le persone anziane, aumenta a dismisura la domanda di assistenza domiciliare, la soglia della povert\u00e0 estrema sembra avvicinarsi ogni giorno di pi\u00f9 a nuovi strati della popolazione arrivando a lambire quella che fino a ieri consideravamo la classe media.<\/p>\n<p>Riusciamo a reggere all\u2019urto e alle pressioni di questa realt\u00e0 che spesso ci spaventa, grazie all\u2019impagabile impegno delle associazioni di volontariato e all\u2019universo di iniziative che si muove intorno alla chiesa, con la sapiente regia del nostro Vescovo che ringrazio per l\u2019impegno sociale che non manca mai di manifestare concretamente.<\/p>\n<p>E alle criticit\u00e0 legate al fenomeno delle nuove povert\u00e0 se ne aggiungono altre non meno preoccupanti legate alla sfera giovanile: dai casi di bullismo nelle scuole agli episodi di violenza nelle strade, nelle piazze e nei luoghi di raduno dei ragazzi, fino alla microcriminalit\u00e0 che si fa largo come risposta alla mancanza di prospettive una volta che i ragazzi escono dal mondo della scuola. C\u2019\u00e8 materia a sufficienza per capire che \u00e8 arrivato il momento di dare delle risposte.<\/p>\n<p>Risposte che gli sforzi del sistema educativo, popolato da ottimi insegnanti e dirigenti scolastici molto motivati, spesso non riescono da soli ad offrire, perch\u00e9 non sempre incontrano il supporto corale del complesso universo che si muove intorno ai ragazzi e alla loro domanda di orizzonti culturali aperti, nuovi e adatti al loro bagaglio culturale in costante e rapida evoluzione.<\/p>\n<p>Su questo fronte l\u2019amministrazione sta elaborando un piano di riavvicinamento al mondo delle associazioni culturali della citt\u00e0 per creare il rapporto necessario per rispondere all\u2019ambizione di riportare a Latina il fermento che si addice a una citt\u00e0 moderna e che pu\u00f2 costituire la prima risposta alle sbavature del sistema socio-culturale cittadino.<br \/>\nStiamo puntando molto sull\u2019idea della citt\u00e0 universitaria, perch\u00e9 siamo convinti che l\u2019ampliamento dell\u2019offerta dei corsi di studio e il conseguente incremento del numero degli studenti che scelgono di venire a studiare a Latina possa costituire la scintilla capace di innescare il processo di rinascita della sfera pi\u00f9 dinamica e interessante del panorama locale, che \u00e8 indiscutibilmente quella legata ai giovani e alla loro capacit\u00e0 di innovare.<\/p>\n<p>Capacit\u00e0 che viaggia di pari passo con le opportunit\u00e0 di inserimento dei giovani nel mondo del lavoro: e non c\u2019\u00e8 strumento migliore dell\u2019Universit\u00e0 per creare sinergia con le imprese del territorio sempre a caccia di nuove professionalit\u00e0 e nuove competenze. Siamo partiti con l\u2019affidamento alla Sapienza dell\u2019ex Banca d\u2019Italia e dell\u2019ex Garage Ruspi, perch\u00e9 diventino da subito i poli di riferimento di questo progetto di rilancio, che insieme all\u2019housing universitario ridisegneranno il volto di Latina citt\u00e0 universitaria.<\/p>\n<p>Ringrazio le organizzazioni sindacali e le associazioni di categoria per il convinto sostegno che stanno dando a questo nostro progetto, e li ringrazio non soltanto perch\u00e9 condividono con l\u2019amministrazione comunale lo sforzo di ricostruzione delle condizioni su cui innestare qualsiasi tentativo di rilancio formativo e occupazionale, ma soprattutto perch\u00e9 lavorando gomito a gomito con il Comune ci aiutano a rilanciare il messaggio della forza e dell\u2019efficacia della condivisione degli obiettivi e delle strategie migliori da perseguire.<\/p>\n<p>Con i sindacati in particolare, abbiamo stretto un patto per affrontare insieme anche uno dei problemi pi\u00f9 urgenti del nostro territorio, che \u00e8 quello dello sfruttamento della manodopera nelle campagne, un fenomeno che troppo spesso ci espone negativamente all\u2019attenzione del Paese, come \u00e8 accaduto con la morte di Satnam Singh, e che non possiamo tollerare. E\u2019 un terreno, questo delle garanzie per i lavoratori e della sicurezza, sul quale l\u2019amministrazione comunale intende giocare un ruolo importante per la riaffermazione dell\u2019identit\u00e0 autentica della nostra citt\u00e0 e della nostra gente.<\/p>\n<p>Una partita che l\u2019amministrazione sta giocando anche sul terreno della sanit\u00e0 e che sta dando risultati insperati, che testimoniano i riconoscimenti che la Asl di Latina sta ottenendo a livello regionale, anche grazie all\u2019impegno di tutti i sindaci della provincia pontina, che quest\u2019anno si sono riuniti per ben cinque volte in assemblea, manifestando ciascuno le criticit\u00e0 sanitarie e i bisogni reali dei rispettivi territori di competenza, riuscendo ad ottenere l\u2019ascolto della direzione generale della Asl provinciale e della Regione Lazio.<\/p>\n<p>Ringrazio le istituzioni tutte per il lavoro quotidiano di tutela e di sprone che si manifesta attraverso un\u2019attenzione costante sulle attivit\u00e0 della pubblica amministrazione, che ha bisogno del supporto della Prefettura, dell\u2019attenzione deterrente della Procura della Repubblica, del sostegno del Tribunale e delle decisioni del Tar, e del servizio quotidiano di tutte le forze dell\u2019ordine, affinch\u00e9 l\u2019impegno dell\u2019amministrazione e della politica che ne detta gli indirizzi siano sempre improntati sul registro della trasparenza, della legalit\u00e0, della terziet\u00e0 e della democrazia, requisiti senza i quali non \u00e8 immaginabile alcun processo di rinnovamento e alcun progresso che voglia dirsi tale.<\/p>\n<p>Grazie al Prefetto, grazie ai vertici delle istituzioni tutte, grazie soprattutto alle loro donne e ai loro uomini, impiegati, dirigenti, poliziotti, carabinieri, finanzieri e vigili del fuoco, che per difendere la comunit\u00e0 e mantenere l\u2019ordine pubblico non esitano a mettere a repentaglio la loro incolumit\u00e0 e a volte il bene supremo della vita.<\/p>\n<p>Grazie a Sua Eccellenza il Vescovo di Latina Monsignor Mariano Crociata.<\/p>\n<p>Saluto e ringrazio il Procuratore Capo Giuseppe De Falco, per quello che ha fatto fino ad oggi, e auguri per il suo nuovo prestigioso incarico a Roma.<\/p>\n<p>Grazie agli imprenditori che si sono resi disponibili a sostenere i nostri sforzi per ampliare l\u2019offerta culturale in citt\u00e0. Sono sempre pi\u00f9 numerosi e questo \u00e8 indice di una consapevolezza sul valore etico, oltre che materiale, della sinergia tra pubblico e privato. Ed \u00e8 anche il segnale di un importante riavvicinamento delle imprese al Comune nel segno della partecipazione e della condivisione.<br \/>\nMi scuso per l\u2019insistenza su questi concetti, condivisione e partecipazione, ma sono davvero convinta che si tratti delle pietre angolari su cui vada modellata l\u2019esperienza di governo di una citt\u00e0. Nessuno di noi pu\u00f2 avere la presunzione di essere completamente autosufficiente, perci\u00f2 \u00e8 necessario cercare il sostegno degli altri e prestare ascolto alle istanze degli altri.<\/p>\n<p>E\u2019 per questo che sento di dover rivolgere i miei ringraziamenti di sindaco ai rappresentanti locali e nazionali della politica tutta, non soltanto quella che sostiene la maggioranza che guido, ma anche quella che dai banchi dell\u2019opposizione ci sprona a fare di pi\u00f9 e meglio.<\/p>\n<p>La politica \u00e8 la fonte ispiratrice di qualsiasi amministrazione, la politica \u00e8 quella che all\u2019insegna della unanime condivisione di intenti da un angolo all\u2019altro dello scacchiere dei partiti, nessuno escluso, ha saputo regalare quest\u2019anno alla nostra citt\u00e0 l\u2019eccezionale strumento di crescita rappresentato dalla legge numero 130 per il Centenario di Latina. Credo non vi siano precedenti per una norma parlamentare pensata e realizzata per un capoluogo di provincia. E\u2019 vero, siamo il capoluogo di provincia pi\u00f9 giovane d\u2019Italia e ci apprestiamo tra pochi anni a festeggiare il nostro primo secolo di vita, ma siamo consapevoli che questo non sarebbe potuto bastare per muovere un intero Parlamento ad occuparsi di noi.<\/p>\n<p>E\u2019 per questo che vivo come un atto d\u2019obbligo, anche morale, la straordinaria opportunit\u00e0 che la politica ci ha offerto, un atto d\u2019obbligo che impegna l\u2019intera comunit\u00e0 a fare il possibile ed anche l\u2019impossibile affinch\u00e9 Latina si presenti all\u2019appuntamento del 2032 con le carte in regola e con i segni tangibili di un percorso gi\u00e0 intrapreso in direzione di un futuro fatto di crescita e di consapevolezza, di speranza e di determinazione, di concretezza attorno alla visione che vogliamo vedere realizzata per la citt\u00e0, per la comunit\u00e0 che rappresentiamo e amministriamo, per noi tutti.<\/p>\n<p>Sono alla guida dell\u2019Amministrazione da poco pi\u00f9 di 18 mesi e questo tempo mi ha consentito di comprendere che le nostre aspirazioni e le nostre azioni raramente si traducono in risultati immediati, e dunque bisogna avere la costanza e la lungimiranza di mettere insieme, un tassello dopo l\u2019altro, le fondamenta del progetto che vogliamo vedere realizzato. Dobbiamo tessere ogni giorno parte della tela che ci vedr\u00e0 domani soddisfatti di ci\u00f2 che siamo stati in grado di fare; dobbiamo muoverci come instancabili formiche, ciascuna con un compito preciso per un obiettivo comune: seminare, raccogliere, crescere.<\/p>\n<p>Non \u00e8 facile, niente lo \u00e8 quando si decide di inseguire un sogno e si \u00e8 consapevoli della portata del progetto che coinvolge una comunit\u00e0 intera. Ci vogliono forza d\u2019animo e determinazione, ma soprattutto servono compagni di viaggio armati di convinzione, lungimiranza e dedizione per la causa che hanno deciso di sposare. Credo di avere attorno una squadra fatta di consiglieri comunali, assessori, dirigenti e dipendenti comunali in grado di sostenere l\u2019impegno a volte arduo di gestire i processi di sviluppo della nostra citt\u00e0: li vedo all&#8217;opera ogni giorno, ne avverto i segni di entusiasmo e qualche volta di stanchezza, conosco i vuoti dei nostri organici, ma so anche quali riserve di energia alimentano il lavoro quotidiano di ciascuno di coloro che lavorano per l\u2019amministrazione comunale.<br \/>\nE so anche, per averlo sperimentato, che nei momenti di maggiore difficolt\u00e0 viene fuori quella giusta dose di coraggio e di follia che ci consente di rilanciare, di alzare la posta, di credere fermamente nella possibilit\u00e0 di farcela.<\/p>\n<p>Quest\u2019anno la citt\u00e0 di Latina ha ufficialmente ingaggiato una nova scommessa, quella del Centenario, una scommessa che ha visto l\u2019immediata adesione della Provincia e che ci vede gi\u00e0 destinatari del sostegno dello Stato, della Regione Lazio, della Camera di Commercio, del Consorzio di Bonifica, dell\u2019Ater e di molti altri altri enti, ma soprattutto della convinta partecipazione della nostra comunit\u00e0 di cittadini e associazioni, la vera spina dorsale di questa nostra splendida citt\u00e0 e di questo splendido territorio che \u00e8 la nostra provincia.<br \/>\nConcludo con un\u2019esortazione, facendo mia una frase del grande scrittore argentino Jorge Luis Borges: Tutto si costruisce sulla sabbia, nulla sulla pietra, ma noi dobbiamo costruire come se la sabbia fosse pietra.<\/p>\n<p>Grazie<br \/>\nViva Latina!<br \/>\nViva la nostra provincia<br \/>\nViva la Guardia di Finanza<\/p>\n<div class=\"radio-posizionamento-telefono-in-articoli-dopo-il-contenuto-articolo radio-entity-placement\" id=\"radio-3019564239\"><div id=\"radio-2642191807\" style=\"width: 300px;height: 250px;\"><a href=\"https:\/\/www.icarspa.it\/auto\/usate\/latina\/\" aria-label=\"banner aprile icar new life &#8211; auto usate latina\"><img loading=\"lazy\" decoding=\"async\" src=\"https:\/\/www.radioluna.it\/news\/wp-content\/uploads\/2026\/02\/banner-aprile-icar-new-life-auto-usate-latina.gif\" alt=\"\"  width=\"300\" height=\"250\"   \/><\/a><\/div><\/div>","protected":false},"excerpt":{"rendered":"<p>LATINA &#8211; Nel 92\u00b0 anniversario dell&#8217;inaugurazione della citt\u00e0 di Latina, la sindaca Matilde Celentano ha reso omaggio al monumento al Bonificatore. Accompagnata dal prefetto di Latina Vittoria Ciaramella, dal Presidente della Provincia Gerardo Stefanelli, dal comandante provinciale della Guardia di Finanza col. Giovanni Marchetti, da tutte le altre autorit\u00e0 civili, militari e religiose, dalle scolaresche, [&hellip;]<\/p>\n","protected":false},"author":60,"featured_media":366266,"comment_status":"open","ping_status":"open","sticky":false,"template":"","format":"gallery","meta":{"footnotes":""},"categories":[7,734],"tags":[],"class_list":["post-366257","post","type-post","status-publish","format-gallery","has-post-thumbnail","hentry","category-cronaca","category-evidenza","post_format-post-format-gallery"],"_links":{"self":[{"href":"https:\/\/www.radioluna.it\/news\/wp-json\/wp\/v2\/posts\/366257","targetHints":{"allow":["GET"]}}],"collection":[{"href":"https:\/\/www.radioluna.it\/news\/wp-json\/wp\/v2\/posts"}],"about":[{"href":"https:\/\/www.radioluna.it\/news\/wp-json\/wp\/v2\/types\/post"}],"author":[{"embeddable":true,"href":"https:\/\/www.radioluna.it\/news\/wp-json\/wp\/v2\/users\/60"}],"replies":[{"embeddable":true,"href":"https:\/\/www.radioluna.it\/news\/wp-json\/wp\/v2\/comments?post=366257"}],"version-history":[{"count":3,"href":"https:\/\/www.radioluna.it\/news\/wp-json\/wp\/v2\/posts\/366257\/revisions"}],"predecessor-version":[{"id":366271,"href":"https:\/\/www.radioluna.it\/news\/wp-json\/wp\/v2\/posts\/366257\/revisions\/366271"}],"wp:featuredmedia":[{"embeddable":true,"href":"https:\/\/www.radioluna.it\/news\/wp-json\/wp\/v2\/media\/366266"}],"wp:attachment":[{"href":"https:\/\/www.radioluna.it\/news\/wp-json\/wp\/v2\/media?parent=366257"}],"wp:term":[{"taxonomy":"category","embeddable":true,"href":"https:\/\/www.radioluna.it\/news\/wp-json\/wp\/v2\/categories?post=366257"},{"taxonomy":"post_tag","embeddable":true,"href":"https:\/\/www.radioluna.it\/news\/wp-json\/wp\/v2\/tags?post=366257"}],"curies":[{"name":"wp","href":"https:\/\/api.w.org\/{rel}","templated":true}]}}