{"id":366293,"date":"2024-12-18T19:05:10","date_gmt":"2024-12-18T18:05:10","guid":{"rendered":"https:\/\/www.radioluna.it\/news\/?p=366293"},"modified":"2024-12-18T19:05:10","modified_gmt":"2024-12-18T18:05:10","slug":"cori-sorpreso-con-70-grammi-di-cocaina-arrestato-36enne","status":"publish","type":"post","link":"https:\/\/www.radioluna.it\/news\/2024\/12\/cori-sorpreso-con-70-grammi-di-cocaina-arrestato-36enne\/","title":{"rendered":"Cori, sorpreso con 70 grammi di cocaina: arrestato 36enne"},"content":{"rendered":"<div id=\"fb-root\"><\/div>\n<p style=\"text-align: justify;\"><strong>CORI &#8211;<\/strong> E\u2019 stato trovato in possesso di 70 grammi di cocaina, i Carabinieri della stazione di Cori hanno arrestato in flagranza di reato un uomo di 36 anni del posto, gi\u00e0 noto alle forze di polizia. Fermato durante un posto di controllo, \u00e8 stato trovato in possesso di 53 grammi di polvere bianca. la perquisizione \u00e8 stata estesa all\u2019abitazione dell\u2019uomo, dove \u00e8 stata rinvenuta altra sostanza stupefacente suddivisa in 50 dosi. L\u2019arresto \u00e8 stato convalidato nell\u2019udienza con rito direttissimo che si \u00e8 celebrata questa mattina in Tribunale a Latina. Il giudice ha disposto l&#8217;obbligo di firma.<\/p>\n","protected":false},"excerpt":{"rendered":"<p>CORI &#8211; E\u2019 stato trovato in possesso di 70 grammi di cocaina, i Carabinieri della stazione di Cori hanno arrestato in flagranza di reato un uomo di 36 anni del posto, gi\u00e0 noto alle forze di polizia. Fermato durante un posto di controllo, \u00e8 stato trovato in possesso di 53 grammi di polvere bianca. la [&hellip;]<\/p>\n","protected":false},"author":60,"featured_media":366306,"comment_status":"open","ping_status":"open","sticky":false,"template":"","format":"standard","meta":{"footnotes":""},"categories":[7,2428],"tags":[],"class_list":["post-366293","post","type-post","status-publish","format-standard","has-post-thumbnail","hentry","category-cronaca","category-primo-piano"],"_links":{"self":[{"href":"https:\/\/www.radioluna.it\/news\/wp-json\/wp\/v2\/posts\/366293","targetHints":{"allow":["GET"]}}],"collection":[{"href":"https:\/\/www.radioluna.it\/news\/wp-json\/wp\/v2\/posts"}],"about":[{"href":"https:\/\/www.radioluna.it\/news\/wp-json\/wp\/v2\/types\/post"}],"author":[{"embeddable":true,"href":"https:\/\/www.radioluna.it\/news\/wp-json\/wp\/v2\/users\/60"}],"replies":[{"embeddable":true,"href":"https:\/\/www.radioluna.it\/news\/wp-json\/wp\/v2\/comments?post=366293"}],"version-history":[{"count":1,"href":"https:\/\/www.radioluna.it\/news\/wp-json\/wp\/v2\/posts\/366293\/revisions"}],"predecessor-version":[{"id":366307,"href":"https:\/\/www.radioluna.it\/news\/wp-json\/wp\/v2\/posts\/366293\/revisions\/366307"}],"wp:featuredmedia":[{"embeddable":true,"href":"https:\/\/www.radioluna.it\/news\/wp-json\/wp\/v2\/media\/366306"}],"wp:attachment":[{"href":"https:\/\/www.radioluna.it\/news\/wp-json\/wp\/v2\/media?parent=366293"}],"wp:term":[{"taxonomy":"category","embeddable":true,"href":"https:\/\/www.radioluna.it\/news\/wp-json\/wp\/v2\/categories?post=366293"},{"taxonomy":"post_tag","embeddable":true,"href":"https:\/\/www.radioluna.it\/news\/wp-json\/wp\/v2\/tags?post=366293"}],"curies":[{"name":"wp","href":"https:\/\/api.w.org\/{rel}","templated":true}]}}