{"id":366296,"date":"2024-12-18T18:14:26","date_gmt":"2024-12-18T17:14:26","guid":{"rendered":"https:\/\/www.radioluna.it\/news\/?p=366296"},"modified":"2024-12-21T12:34:37","modified_gmt":"2024-12-21T11:34:37","slug":"salvo-due-bambine-in-mare-a-valerio-catoia-la-medaglia-di-bronzo-al-merito-civile","status":"publish","type":"post","link":"https:\/\/www.radioluna.it\/news\/2024\/12\/salvo-due-bambine-in-mare-a-valerio-catoia-la-medaglia-di-bronzo-al-merito-civile\/","title":{"rendered":"Salv\u00f2 due bambine in mare, a Valerio Catoia la medaglia di bronzo al Merito civile"},"content":{"rendered":"<div id=\"fb-root\"><\/div>\n<p style=\"text-align: justify;\"><strong>LATINA<\/strong> &#8211; Era il 12 luglio del 2017 quando alla Bufalara Valerio Catoia si gett\u00f2 in mare, guidato da suo padre, per salvare dalle onde due bambine in difficolt\u00e0. Non ebbe paura, esegu\u00ec quello che lui, nuotatore con Sindrome di Down, aveva imparato in piscina. Oggi, dopo tante soddisfazioni e riconoscimenti per quel gesto eroico, il giovane atleta di Latina \u00e8 stato insignito della Medaglia di bronzo al Valore Civile concessa dal Presidente della Repubblica Sergio Mattarella.<\/p>\n<p style=\"text-align: justify;\">L\u2019importante onorificenza \u00e8 stata consegnata questa mattina dal prefetto di Latina Vittoria Ciaramella al termine delle celebrazioni per i 92 anni di Latina, presente la sindaca Matilde Celentano. &#8220;Con esemplare coraggio, mentre si trovava in spiaggia, nonostante la giovane et\u00e0, non esitava a seguire il padre che si era immerso nelle acque agitate per portare soccorso a due bambine trascinate al largo dalle correnti, afferrando la\u00a0 pi\u00f9 piccola a cui prestava le opportune tecniche di salvamento, riconducendola arriva sana e salva. Grande esempio di prontezza e di virt\u00f9 civiche&#8221;, \u00e8 la motivazione.<\/p>\n<p style=\"text-align: justify;\">Commosso e felice, Valerio si \u00e8 presentato all&#8217;appuntamento indossando con orgoglio la tuta degli atleti della Polizia di Stato, accompagnato dal pap\u00e0 Giovanni, dalla mamma Emilia Attademo, da sua sorella e dall&#8217;allenatore Stefano Vando che lo ha convertito alla canoa.<\/p>\n<audio class=\"wp-audio-shortcode\" id=\"audio-366296-1\" preload=\"none\" style=\"width: 100%;\" controls=\"controls\"><source type=\"audio\/mpeg\" src=\"https:\/\/www.radioluna.it\/news\/wp-content\/uploads\/2024\/12\/valerio-e-vando.mp3?_=1\" \/><a href=\"https:\/\/www.radioluna.it\/news\/wp-content\/uploads\/2024\/12\/valerio-e-vando.mp3\">https:\/\/www.radioluna.it\/news\/wp-content\/uploads\/2024\/12\/valerio-e-vando.mp3<\/a><\/audio>\n<p>&nbsp;<\/p>\n","protected":false},"excerpt":{"rendered":"<p>LATINA &#8211; Era il 12 luglio del 2017 quando alla Bufalara Valerio Catoia si gett\u00f2 in mare, guidato da suo padre, per salvare dalle onde due bambine in difficolt\u00e0. Non ebbe paura, esegu\u00ec quello che lui, nuotatore con Sindrome di Down, aveva imparato in piscina. Oggi, dopo tante soddisfazioni e riconoscimenti per quel gesto eroico, [&hellip;]<\/p>\n","protected":false},"author":62,"featured_media":366298,"comment_status":"open","ping_status":"open","sticky":false,"template":"","format":"standard","meta":{"footnotes":""},"categories":[7,2428],"tags":[],"class_list":["post-366296","post","type-post","status-publish","format-standard","has-post-thumbnail","hentry","category-cronaca","category-primo-piano"],"_links":{"self":[{"href":"https:\/\/www.radioluna.it\/news\/wp-json\/wp\/v2\/posts\/366296","targetHints":{"allow":["GET"]}}],"collection":[{"href":"https:\/\/www.radioluna.it\/news\/wp-json\/wp\/v2\/posts"}],"about":[{"href":"https:\/\/www.radioluna.it\/news\/wp-json\/wp\/v2\/types\/post"}],"author":[{"embeddable":true,"href":"https:\/\/www.radioluna.it\/news\/wp-json\/wp\/v2\/users\/62"}],"replies":[{"embeddable":true,"href":"https:\/\/www.radioluna.it\/news\/wp-json\/wp\/v2\/comments?post=366296"}],"version-history":[{"count":5,"href":"https:\/\/www.radioluna.it\/news\/wp-json\/wp\/v2\/posts\/366296\/revisions"}],"predecessor-version":[{"id":366305,"href":"https:\/\/www.radioluna.it\/news\/wp-json\/wp\/v2\/posts\/366296\/revisions\/366305"}],"wp:featuredmedia":[{"embeddable":true,"href":"https:\/\/www.radioluna.it\/news\/wp-json\/wp\/v2\/media\/366298"}],"wp:attachment":[{"href":"https:\/\/www.radioluna.it\/news\/wp-json\/wp\/v2\/media?parent=366296"}],"wp:term":[{"taxonomy":"category","embeddable":true,"href":"https:\/\/www.radioluna.it\/news\/wp-json\/wp\/v2\/categories?post=366296"},{"taxonomy":"post_tag","embeddable":true,"href":"https:\/\/www.radioluna.it\/news\/wp-json\/wp\/v2\/tags?post=366296"}],"curies":[{"name":"wp","href":"https:\/\/api.w.org\/{rel}","templated":true}]}}