{"id":366381,"date":"2024-12-20T06:38:04","date_gmt":"2024-12-20T05:38:04","guid":{"rendered":"https:\/\/www.radioluna.it\/news\/?p=366381"},"modified":"2024-12-21T10:10:51","modified_gmt":"2024-12-21T09:10:51","slug":"incidente-mortale-in-piazza-buozzi-a-latina-auto-investe-un-anziano-che-attraversa","status":"publish","type":"post","link":"https:\/\/www.radioluna.it\/news\/2024\/12\/incidente-mortale-in-piazza-buozzi-a-latina-auto-investe-un-anziano-che-attraversa\/","title":{"rendered":"Incidente mortale in Piazza Buozzi a Latina, auto investe un anziano che attraversa"},"content":{"rendered":"<div id=\"fb-root\"><\/div>\n<p style=\"text-align: justify;\"><strong>LATINA &#8211;\u00a0<\/strong> Un incidente mortale si \u00e8 verificato nel pomeriggio di gioved\u00ec in Piazza Buozzi davanti al Tribunale di Latina dove un uomo di 84 anni, Alberto Macone, \u00e8 stato investito da un&#8217;auto mentre attraversava la strada. Erano circa le 18 e l&#8217;anziano, originario di Gaeta ma residente a Latina, era in compagnia del genero, un avvocato di 60 anni che \u00e8 rimasto sotto shock per l&#8217;accaduto.<\/p>\n<p style=\"text-align: justify;\">Alla guida dell&#8217;auto che tra travolto il pedone, una Toyota Aygo bianca che viaggiava sulla Circonvallazione proveniente dall&#8217;Immacolata, si trovava una giovane donna che ha raccontato\u00a0 di essersi trovato l&#8217;uomo davanti, sbucato tra le auto in sosta e di non averlo potuto evitare.<\/p>\n<p style=\"text-align: justify;\">Sul posto sono intervenute le ambulanze del 118 e la polizia locale per i rilievi. Avviati gli accertamenti necessari a ricostruire la dinamica dell&#8217;investimento.<\/p>\n","protected":false},"excerpt":{"rendered":"<p>LATINA &#8211;\u00a0 Un incidente mortale si \u00e8 verificato nel pomeriggio di gioved\u00ec in Piazza Buozzi davanti al Tribunale di Latina dove un uomo di 84 anni, Alberto Macone, \u00e8 stato investito da un&#8217;auto mentre attraversava la strada. Erano circa le 18 e l&#8217;anziano, originario di Gaeta ma residente a Latina, era in compagnia del genero, [&hellip;]<\/p>\n","protected":false},"author":62,"featured_media":366384,"comment_status":"open","ping_status":"open","sticky":false,"template":"","format":"standard","meta":{"footnotes":""},"categories":[7,2428],"tags":[],"class_list":["post-366381","post","type-post","status-publish","format-standard","has-post-thumbnail","hentry","category-cronaca","category-primo-piano"],"_links":{"self":[{"href":"https:\/\/www.radioluna.it\/news\/wp-json\/wp\/v2\/posts\/366381","targetHints":{"allow":["GET"]}}],"collection":[{"href":"https:\/\/www.radioluna.it\/news\/wp-json\/wp\/v2\/posts"}],"about":[{"href":"https:\/\/www.radioluna.it\/news\/wp-json\/wp\/v2\/types\/post"}],"author":[{"embeddable":true,"href":"https:\/\/www.radioluna.it\/news\/wp-json\/wp\/v2\/users\/62"}],"replies":[{"embeddable":true,"href":"https:\/\/www.radioluna.it\/news\/wp-json\/wp\/v2\/comments?post=366381"}],"version-history":[{"count":7,"href":"https:\/\/www.radioluna.it\/news\/wp-json\/wp\/v2\/posts\/366381\/revisions"}],"predecessor-version":[{"id":366476,"href":"https:\/\/www.radioluna.it\/news\/wp-json\/wp\/v2\/posts\/366381\/revisions\/366476"}],"wp:featuredmedia":[{"embeddable":true,"href":"https:\/\/www.radioluna.it\/news\/wp-json\/wp\/v2\/media\/366384"}],"wp:attachment":[{"href":"https:\/\/www.radioluna.it\/news\/wp-json\/wp\/v2\/media?parent=366381"}],"wp:term":[{"taxonomy":"category","embeddable":true,"href":"https:\/\/www.radioluna.it\/news\/wp-json\/wp\/v2\/categories?post=366381"},{"taxonomy":"post_tag","embeddable":true,"href":"https:\/\/www.radioluna.it\/news\/wp-json\/wp\/v2\/tags?post=366381"}],"curies":[{"name":"wp","href":"https:\/\/api.w.org\/{rel}","templated":true}]}}