{"id":366397,"date":"2024-12-20T08:26:05","date_gmt":"2024-12-20T07:26:05","guid":{"rendered":"https:\/\/www.radioluna.it\/news\/?p=366397"},"modified":"2024-12-23T11:16:12","modified_gmt":"2024-12-23T10:16:12","slug":"processo-chioschi-dopo-la-mancata-costituzione-del-comune-la-sindaca-celentano-promette-chiarezza","status":"publish","type":"post","link":"https:\/\/www.radioluna.it\/news\/2024\/12\/processo-chioschi-dopo-la-mancata-costituzione-del-comune-la-sindaca-celentano-promette-chiarezza\/","title":{"rendered":"Processo chioschi, dopo la mancata costituzione di parte civile del Comune di Latina, la sindaca Celentano promette chiarezza"},"content":{"rendered":"<div id=\"fb-root\"><\/div>\n<p style=\"text-align: justify;\"><strong><img loading=\"lazy\" decoding=\"async\" class=\"wp-image-366398 alignleft\" src=\"https:\/\/www.radioluna.it\/news\/wp-content\/uploads\/2024\/12\/celentano.jpg\" alt=\"\" width=\"255\" height=\"265\" srcset=\"https:\/\/www.radioluna.it\/news\/wp-content\/uploads\/2024\/12\/celentano.jpg 1031w, https:\/\/www.radioluna.it\/news\/wp-content\/uploads\/2024\/12\/celentano-768x797.jpg 768w\" sizes=\"auto, (max-width: 255px) 100vw, 255px\" \/>LATINA<\/strong> &#8211; &#8220;Sono profondamente rammaricata e arrabbiata per quello che \u00e8 accaduto e ho dato mandato affinch\u00e9 vengano individuate responsabilit\u00e0 o eventuali omissioni&#8221;. Lo ha dichiarato al suo arrivo in aula ieri, nel corso del consiglio comunale (<a href=\"https:\/\/latina.consiglicloud.it\/meetings\/S2ZXaS9OdGFtK2s9\">qui lo streaming<\/a>), <strong>la sindaca di Latina Matilde Celentano<\/strong> dopo la notizia diffusa dalla stampa della mancata costituzione di parte civile del Comune di Latina nel procedimento penale sulle intimidazioni con modalit\u00e0 mafiosa nell\u2019assegnazione dei chioschi sul lungomare di Latina. Una gara espletata proprio dall\u2019ente, che \u00e8 divenuta oggetto di un\u2019inchiesta coordinata dalla Dda di Roma la cui accusa sar\u00e0 sostenuta dalla pm Luigia Spinelli &#8211;\u00a0 appena nominata procuratrice aggiunta a Latina\u00a0 &#8211; che ha guidato le indagini della squadra mobile del capoluogo.<\/p>\n<p style=\"text-align: justify;\">Il caso si \u00e8 materializzato dopo il rinvio a giudizio degli otto imputati, tra cui Alessandro, Fabio e Maurizio Zof che in passato avevano gestito proprio il primo chiosco, accusati a vario titolo di\u00a0 turbata libert\u00e0 degli incanti ed estorsione aggravati dal metodo mafioso. La legge infatti prevede che la costituzione di parte civile possa avvenire fino all&#8217;udienza preliminare, dunque prima del rinvio a giudizio, e il Comune non l&#8217;ha fatto e non lo potr\u00e0 fare nel processo.<\/p>\n<p style=\"text-align: justify;\"><strong>L\u2019ex sindaco di Latina Damiano Coletta<\/strong> la cui amministrazione aveva portato gli atti in procura dopo le numerose rinunce arrivate da chi aveva partecipato alla gara, ha risposto duramente: &#8220;Questo \u00e8 un fatto grave del quale dovete chiedere scusa ai cittadini. Come avete fatto andando a chiedere scusa ai commercianti per il ritardo nell&#8217;istallazione delle luminarie di Natale, lo dovete fare anche ora. E quando fate delle scelte vi dovete assumere la responsabilit\u00e0, invece troverete un capro espiatorio<img loading=\"lazy\" decoding=\"async\" class=\" wp-image-341490 alignright\" src=\"https:\/\/www.radioluna.it\/news\/wp-content\/uploads\/2023\/11\/damiano-coletta-consiglio-comunale-28-novembre.jpg\" alt=\"\" width=\"242\" height=\"217\" srcset=\"https:\/\/www.radioluna.it\/news\/wp-content\/uploads\/2023\/11\/damiano-coletta-consiglio-comunale-28-novembre.jpg 1600w, https:\/\/www.radioluna.it\/news\/wp-content\/uploads\/2023\/11\/damiano-coletta-consiglio-comunale-28-novembre-768x687.jpg 768w, https:\/\/www.radioluna.it\/news\/wp-content\/uploads\/2023\/11\/damiano-coletta-consiglio-comunale-28-novembre-1536x1375.jpg 1536w\" sizes=\"auto, (max-width: 242px) 100vw, 242px\" \/>&#8220;. Il riferimento \u00e8 al fatto che le dichiarazioni della prima cittadina facevano intendere l&#8217;esistenza si un problema burocratico, mentre \u00e8 sempre la giunta e cio\u00e8 la parte politica a dover dare mandato all&#8217;Avvocatura di procedere con le costituzioni di parte civile. Ma il punto non era all\u2019ordine del giorno e dunque la discussione \u00e8 stata interrotta dal presidente del Consiglio Raimondo Tiero nonostante i tentativi dei consiglieri di esprimere le proprie posizioni in maniera anche veemente.<\/p>\n<p style=\"text-align: justify;\"><a href=\"https:\/\/latina.consiglicloud.it\/meetings\/S2ZXaS9OdGFtK2s9\">Quello riportato in queste righe \u00e8 ovviamente solo un riassunto dei fatti salienti\u00a0 andati in scena in aula consiliare, che si possono trovare in versione integrale sul sito istituzionale dell&#8217;Ente nell&#8217;archivio delle sedute del Consiglio e delle Commissioni.\u00a0<\/a><\/p>\n<p style=\"text-align: justify;\"><strong>Dal centro destra<\/strong> in serata \u00e8 arrivata una nota sui fatti: &#8220;Come forze di maggioranza abbiamo appreso anche noi dalle cronache giornalistiche della mancata costituzione del Comune di Latina nel processo a carico di alcune persone rinviate a giudizio con le accuse di turbativa d\u2019asta aggravata dall\u2019utilizzo del metodo mafioso per esercitare pressioni su alcuni gestori dei chioschi che si trovano sul lato B della marina di Latina. Sin da subito abbiamo chiesto e richiediamo chiarimenti circa questa vicenda ed esternato il nostro disappunto. Per questo sosteniamo e condividiamo con forza la posizione espressa dal sindaco Celentano che ha comunicato di aver subito disposto accertamenti urgenti per acquisire gli elementi\u00a0 utili alla comprensione di ci\u00f2 che \u00e8 avvenuto. Cos\u00ec come apprezziamo l\u2019impegno\u00a0 del sindaco di relazionare al Consiglio comunale non appena acquisite le dovute informazioni. Questa amministrazione, giova ricordarlo, sin dal suo insediamento ha operato molte costituzioni di parte civile nei procedimenti che riguardano gli interessi del comune e della comunit\u00e0. Per questo rigettiamo con forza le affermazioni di taluni dei componenti delle opposizioni che hanno accusato la maggioranza, senza aver alcun elemento a disposizione, della mancata costituzione. Posizione, come sempre, strumentale, priva di fondamento e falsa, giacch\u00e9 la costituzione di parte civile era ed \u00e8 un atto dovuto&#8221;, hanno dichiarato in una nota i capigruppo di maggioranza.<\/p>\n<p>Ma proprio perch\u00e9 l&#8217;Amministrazione &#8221; ha operato molte costituzioni di parte civile nei procedimenti che riguardano gli interessi del comune e della comunit\u00e0&#8221;, e questo sarebbe stato uno di quei casi in cui la comunit\u00e0 aveva interesse,\u00a0 \u00e8 necessario fare luce su che cosa sia accaduto questa volta.<\/p>\n<p style=\"text-align: justify;\"><strong>\u201cExcusatio non petita, accusatio manifesta\u201d, sottolineano<\/strong> <strong>i consiglieri del Pd<\/strong> in una nota. &#8220;Queste parole sintetizzano la grave responsabilit\u00e0 politica dell\u2019amministrazione guidata dalla Sindaca Celentano. Presentandosi in aula con dichiarazioni scritte, la Sindaca ha confermato la consapevolezza della maggioranza sulla mancata costituzione di parte civile nel procedimento penale presso la sezione antimafia di Roma. Il tentativo del Presidente del Consiglio comunale di interrompere il dibattito dimostra l\u2019incapacit\u00e0 di affrontare le proprie responsabilit\u00e0 politiche, mentre le reazioni scomposte di alcuni consiglieri di centrodestra evidenziano l\u2019imbarazzo per una scelta tanto grave. La responsabilit\u00e0 politica \u00e8 evidente: la costituzione di parte civile richiede una delibera di giunta, e questa non \u00e8 stata adottata. \u00c8 una chiara dimostrazione della scarsa attenzione dell\u2019amministrazione ai temi della legalit\u00e0&#8221;.<\/p>\n<p style=\"text-align: justify;\">I consiglieri di opposizione ricordano anche gli incendi di maggio dello scorso anno al momento dell&#8217;insediamento dell&#8217;Amministrazione Celentano: &#8220;Rappresentano un segnale d\u2019allarme. La Sindaca aveva promesso di affrontare con decisione tali fenomeni, ma questa scelta di non costituirsi in giudizio dimostra il contrario. Non si tratta di una svista, ma di una precisa decisione politica. Su questi temi non accettiamo superficialit\u00e0 e approssimazioni. Senn\u00f2 si corre il rischio di sottovalutare se non direttamente evitare il contatto con le organizzazioni criminali presenti sul territorio. Come Gruppo consiliare del Partito Democratico, manterremo alta l\u2019attenzione su questa vicenda. Confidiamo nel lavoro del Pubblico Ministero, certi che porter\u00e0 avanti con determinazione la tutela della giustizia e del nostro territorio&#8221;, conclude la nota.<\/p>\n<p style=\"text-align: justify;\">\n","protected":false},"excerpt":{"rendered":"<p>LATINA &#8211; &#8220;Sono profondamente rammaricata e arrabbiata per quello che \u00e8 accaduto e ho dato mandato affinch\u00e9 vengano individuate responsabilit\u00e0 o eventuali omissioni&#8221;. Lo ha dichiarato al suo arrivo in aula ieri, nel corso del consiglio comunale (qui lo streaming), la sindaca di Latina Matilde Celentano dopo la notizia diffusa dalla stampa della mancata costituzione [&hellip;]<\/p>\n","protected":false},"author":62,"featured_media":331304,"comment_status":"open","ping_status":"open","sticky":false,"template":"","format":"standard","meta":{"footnotes":""},"categories":[8,2428],"tags":[],"class_list":["post-366397","post","type-post","status-publish","format-standard","has-post-thumbnail","hentry","category-politica","category-primo-piano"],"_links":{"self":[{"href":"https:\/\/www.radioluna.it\/news\/wp-json\/wp\/v2\/posts\/366397","targetHints":{"allow":["GET"]}}],"collection":[{"href":"https:\/\/www.radioluna.it\/news\/wp-json\/wp\/v2\/posts"}],"about":[{"href":"https:\/\/www.radioluna.it\/news\/wp-json\/wp\/v2\/types\/post"}],"author":[{"embeddable":true,"href":"https:\/\/www.radioluna.it\/news\/wp-json\/wp\/v2\/users\/62"}],"replies":[{"embeddable":true,"href":"https:\/\/www.radioluna.it\/news\/wp-json\/wp\/v2\/comments?post=366397"}],"version-history":[{"count":7,"href":"https:\/\/www.radioluna.it\/news\/wp-json\/wp\/v2\/posts\/366397\/revisions"}],"predecessor-version":[{"id":366561,"href":"https:\/\/www.radioluna.it\/news\/wp-json\/wp\/v2\/posts\/366397\/revisions\/366561"}],"wp:featuredmedia":[{"embeddable":true,"href":"https:\/\/www.radioluna.it\/news\/wp-json\/wp\/v2\/media\/331304"}],"wp:attachment":[{"href":"https:\/\/www.radioluna.it\/news\/wp-json\/wp\/v2\/media?parent=366397"}],"wp:term":[{"taxonomy":"category","embeddable":true,"href":"https:\/\/www.radioluna.it\/news\/wp-json\/wp\/v2\/categories?post=366397"},{"taxonomy":"post_tag","embeddable":true,"href":"https:\/\/www.radioluna.it\/news\/wp-json\/wp\/v2\/tags?post=366397"}],"curies":[{"name":"wp","href":"https:\/\/api.w.org\/{rel}","templated":true}]}}